{"id":742901,"date":"2026-02-18T13:19:12","date_gmt":"2026-02-18T13:19:12","guid":{"rendered":"https:\/\/www.europesays.com\/fr\/742901\/"},"modified":"2026-02-18T13:19:12","modified_gmt":"2026-02-18T13:19:12","slug":"a-berlin-erika-jakab-analyse-limpact-deurope-creative-et-ses-priorites-a-venir","status":"publish","type":"post","link":"https:\/\/www.europesays.com\/fr\/742901\/","title":{"rendered":"\u00c0 Berlin, Erika Jakab analyse l&rsquo;impact d&rsquo;Europe cr\u00e9ative et ses priorit\u00e9s \u00e0 venir"},"content":{"rendered":"<p>18\/02\/2026 &#8211; BERLINALE 2026 : Apr\u00e8s une d\u00e9cennie d&rsquo;existence pour le programme, un audit effectu\u00e9 par MEDIA montre que la circulation des films et la coproduction se sont am\u00e9lior\u00e9es<\/p>\n<p><strong>Cet article est disponible en anglais.<\/strong><\/p>\n<p>On 14 February, at this year\u2019s <a href=\"https:\/\/www.efm-berlinale.de\/en\/home\/homepage.html\" rel=\"nofollow noopener\" target=\"_blank\">European Film Market<\/a> (12-18 February), the <a href=\"https:\/\/commission.europa.eu\/index_en\" rel=\"nofollow noopener\" target=\"_blank\">European Commission<\/a> revisited a central question for Europe\u2019s audiovisual sector: what has EU funding achieved over the past decade, and how should it evolve? During the \u201c<a href=\"https:\/\/cineuropa.org\/backing\/397807\/\" rel=\"nofollow noopener\" target=\"_blank\">Creative Europe \u2013 MEDIA<\/a>: Lessons for the Future\u201d session, <strong>Erika Jakab<\/strong>, policy officer at the European Commission\u2019s Directorate-General for Communications Networks, Content and Technology, presented findings from the latest evaluation of the programme, examining MEDIA\u2019s cultural and industrial footprint from 2014-2020 alongside a mid-term assessment of the 2021-2027 cycle.<\/p>\n<p>(L&rsquo;article continue plus bas &#8211; Inf. publicitaire)<\/p>\n<p>Moderated by <strong>AC Coppens<\/strong>, of <a href=\"https:\/\/www.catalysts.agency\/\" rel=\"nofollow noopener\" target=\"_blank\">The Catalysts<\/a>, the session opened with remarks from <strong>Sophie Beernaerts<\/strong>, director at the <a href=\"https:\/\/www.eacea.ec.europa.eu\/index_en\" rel=\"nofollow noopener\" target=\"_blank\">European Education and Culture Executive Agency<\/a>, who framed MEDIA\u2019s 35-year history as proof of sustained relevance in a shifting global market. Amid geopolitical tensions and disinformation risks, she argued, European audiovisual works remain vital to democratic discourse and cultural cohesion. The next phase must therefore adapt to sectoral change while tackling structural challenges such as cross-border circulation and access to younger audiences.<\/p>\n<p>Jakab\u2019s presentation formed the analytical core. She explained that the evaluation reviewed a ten-year span to determine what works, what needs improvement and how MEDIA can better meet its goals. Using a personal analogy, she said reviewing the programme was like taking stock of one\u2019s own life: \u201cWe thought it would be a good time to think about our own life, what\u2019s going well, what\u2019s not going so well and what can be improved, and then decide whether to make changes, including big and small ones.\u201d<\/p>\n<p>One clear indicator of MEDIA\u2019s cultural impact, she noted, lies in festival and awards recognition. MEDIA-supported films have amassed strong international visibility \u2013 around 1,200 nominations and 500 awards at major events \u2013 suggesting that EU funding has helped European works remain competitive globally. More difficult to quantify is the effect on cross-border circulation and audience reach, both central to MEDIA\u2019s mandate. <a href=\"https:\/\/www.europa-cinemas.org\/en\" rel=\"nofollow noopener\" target=\"_blank\">Europa Cinemas<\/a> theatres, she pointed out, sold almost 40% of all tickets for non-national European films.<\/p>\n<p>To measure MEDIA\u2019s added value, analysts compared supported projects with similar non-supported works. Backed films were expected to circulate in significantly more territories: in cinemas, an average of 6.6 additional countries; on television, up to 9.5 more; and on VoD, 3.2 more. Furthermore, about 30% of supported works secured release. Though based on modelling, these figures indicated that MEDIA\u2019s role in facilitating transnational exposure remains substantial.<\/p>\n<p>Jakab also stressed the limits of EU funding within Europe\u2019s financing ecosystem. Despite a 66% increase in the 2021-2027 budget \u2013 \u20ac2.44 billion for Creative Europe \u2013 MEDIA still represents only a small share of overall public support for audiovisual production. The programme must therefore stay targeted, focusing on areas where European intervention adds value, rather than duplicating national schemes.<\/p>\n<p>Several challenges emerged. One is the gap between catalogue presence and consumption: European titles are widely available on streaming platforms but are watched less than non-European content. Another is administrative complexity. Jakab acknowledged industry concerns and said discussions are under way to simplify procedures and improve the application process.<\/p>\n<p>She also highlighted generational shifts in media use, noting that younger audiences spend more time on digital platforms dominated by non-European content. Strengthening support for video games and new formats, she suggested, will be essential to maintaining cultural relevance. Innovation investment among European media companies remains comparatively low, a gap that future MEDIA strategies may need to address.<\/p>\n<p>A subsequent panel expanded on these themes with Spanish distributor <strong>Eduardo Escudero<\/strong> (<a href=\"https:\/\/cineuropa.org\/distributor\/138576\/\" rel=\"nofollow noopener\" target=\"_blank\">A Contracorriente Films<\/a>), <a href=\"https:\/\/www.usheru.com\/\" rel=\"nofollow noopener\" target=\"_blank\">usheru<\/a> co-founder <strong>Oliver Fegan<\/strong>, Europa Cinemas president <strong>Mathias Holz<\/strong>, and producer and <a href=\"https:\/\/www.europeanfilmacademy.org\/\" rel=\"nofollow noopener\" target=\"_blank\">European Film Academy<\/a> chair <strong>Ada Solomon<\/strong>. They discussed the implications for distribution, exhibition and financing, stressing cross-sector collaboration and coordinated promotion of European works.<\/p>\n<p>Throughout, Coppens steered the debate towards practical lessons for the next funding cycle, asking how MEDIA can better serve industry needs while maintaining its cultural mission. Questions ranged from simplifying applications to strengthening support for marketing and audience development across linguistic borders.<\/p>\n<p>If the evaluation confirmed MEDIA\u2019s success in fostering co-productions, festival visibility and circulation, it also highlighted unresolved structural issues. As Jakab suggested, the programme\u2019s future will depend on balancing continuity with adaptation \u2013 refining existing tools while responding to technological change, new consumption habits and global competition.<\/p>\n<p>With preparations under way for the EU\u2019s next Multiannual Financial Framework (2028-2035), the Berlinale session served as a reminder that EU funding remains a central pillar of European audiovisual policy. For many professionals in Berlin \u2013 including veterans who have built careers around MEDIA-backed projects \u2013 the message was clear: in a fragmented market, greater synergies between national, European and private funding still determine whether European stories travel beyond their borders.<\/p>\n<p>(L&rsquo;article continue plus bas &#8211; Inf. publicitaire)<\/p>\n","protected":false},"excerpt":{"rendered":"18\/02\/2026 &#8211; BERLINALE 2026 : Apr\u00e8s une d\u00e9cennie d&rsquo;existence pour le programme, un audit effectu\u00e9 par MEDIA montre&hellip;\n","protected":false},"author":2,"featured_media":742902,"comment_status":"","ping_status":"","sticky":false,"template":"","format":"standard","meta":{"footnotes":"","_share_on_mastodon":"0"},"categories":[1586],"tags":[11,1777,674,1011,27,12,25],"class_list":["post-742901","post","type-post","status-publish","format-standard","has-post-thumbnail","category-europe","tag-actualites","tag-eu","tag-europe","tag-fr","tag-france","tag-news","tag-republique-francaise"],"share_on_mastodon":{"url":"https:\/\/pubeurope.com\/@fr\/116091837965701589","error":""},"_links":{"self":[{"href":"https:\/\/www.europesays.com\/fr\/wp-json\/wp\/v2\/posts\/742901","targetHints":{"allow":["GET"]}}],"collection":[{"href":"https:\/\/www.europesays.com\/fr\/wp-json\/wp\/v2\/posts"}],"about":[{"href":"https:\/\/www.europesays.com\/fr\/wp-json\/wp\/v2\/types\/post"}],"author":[{"embeddable":true,"href":"https:\/\/www.europesays.com\/fr\/wp-json\/wp\/v2\/users\/2"}],"replies":[{"embeddable":true,"href":"https:\/\/www.europesays.com\/fr\/wp-json\/wp\/v2\/comments?post=742901"}],"version-history":[{"count":0,"href":"https:\/\/www.europesays.com\/fr\/wp-json\/wp\/v2\/posts\/742901\/revisions"}],"wp:featuredmedia":[{"embeddable":true,"href":"https:\/\/www.europesays.com\/fr\/wp-json\/wp\/v2\/media\/742902"}],"wp:attachment":[{"href":"https:\/\/www.europesays.com\/fr\/wp-json\/wp\/v2\/media?parent=742901"}],"wp:term":[{"taxonomy":"category","embeddable":true,"href":"https:\/\/www.europesays.com\/fr\/wp-json\/wp\/v2\/categories?post=742901"},{"taxonomy":"post_tag","embeddable":true,"href":"https:\/\/www.europesays.com\/fr\/wp-json\/wp\/v2\/tags?post=742901"}],"curies":[{"name":"wp","href":"https:\/\/api.w.org\/{rel}","templated":true}]}}