{"id":742952,"date":"2026-02-18T13:54:10","date_gmt":"2026-02-18T13:54:10","guid":{"rendered":"https:\/\/www.europesays.com\/fr\/742952\/"},"modified":"2026-02-18T13:54:10","modified_gmt":"2026-02-18T13:54:10","slug":"des-ultras-du-psg-auraient-interpelle-une-deputee-rn-a-toulon-france","status":"publish","type":"post","link":"https:\/\/www.europesays.com\/fr\/742952\/","title":{"rendered":"Des ultras du PSG auraient interpell\u00e9 une d\u00e9put\u00e9e RN \u00e0 Toulon &#8211; France"},"content":{"rendered":"<p>Laure Lavalette, d\u00e9put\u00e9e du Rassemblement national, ne pensait pas tomber sur des supporters du PSG en milieu de semaine \u00e0 Toulon. C\u2019est pourtant ce qui s\u2019est pass\u00e9 ce mardi, selon les r\u00e9cits de la presse locale et de la candidate aux municipales de la ville.<\/p>\n<p>\u00c0 quelques heures du <a target=\"_blank\" href=\"https:\/\/www.sofoot.com\/articles\/ligue-des-champions-le-psg-et-desire-doue-renversent-monaco-pour-se-rapprocher-des-huitiemes-de-finale\" rel=\"nofollow noopener\">barrage aller de la Ligue des champions<\/a> \u00e0 Monaco, celle-ci s\u2019est plaint d\u2019avoir \u00e9t\u00e9 prise \u00e0 partie par une centaine d\u2019ultras parisiens pendant qu\u2019elle d\u00e9jeunait avec sa fille aux halles de Toulon.<\/p>\n<p>\u00ab\u00a0La plupart des supporters \u00e9taient tr\u00e8s calmes. Mais \u00e0 quelques m\u00e8tres de Laure Lavalette, deux d\u2019entre eux ont commenc\u00e9 \u00e0 l\u2019insulter, la traiter de pute, raconte un commer\u00e7ant \u00e0 Nice-Matin. L\u2019un a dit \u00ab\u00a0Il est o\u00f9 Quentin, Lavalette ?\u00a0\u00bb\u00a0Une r\u00e9f\u00e9rence \u00e0 l\u2019actualit\u00e9 et \u00e0 Quentin Deranque, militant d\u2019extr\u00eame droite d\u00e9c\u00e9d\u00e9 lors des affrontements en marge de la conf\u00e9rence de l\u2019eurod\u00e9put\u00e9e (La France insoumise) Rima Hassan, jeudi 12 f\u00e9vrier \u00e0 Sciences Po Lyon.<\/p>\n<p>\u00ab\u00a0J\u2019ai senti une\u00a0hostilit\u00e9. La tension a mont\u00e9, ils m\u2019ont invectiv\u00e9e, encercl\u00e9. \u00c7a faisait un peu sourici\u00e8re. On est \u00e0 trois semaines du\u00a0scrutin et on sent que \u00e7a se tend\u2026\u00a0\u00bb,\u00a0a r\u00e9agi aupr\u00e8s du quotidien Laure Lavalette, qui n\u2019a pas d\u00e9pos\u00e9 plainte.<\/p>\n<p>\t\t\t\t\t\t\t\t\t\t<a class=\"lien-connexe\" href=\"https:\/\/www.sofoot.com\/breves\/quand-doue-marque-le-psg-gagne-toujours\" rel=\"nofollow noopener\" target=\"_blank\">Voici pourquoi le PSG ne peut pas se passer de D\u00e9sir\u00e9 Dou\u00e9<\/a>\t\t\t\t\t<\/p>\n","protected":false},"excerpt":{"rendered":"Laure Lavalette, d\u00e9put\u00e9e du Rassemblement national, ne pensait pas tomber sur des supporters du PSG en milieu de&hellip;\n","protected":false},"author":2,"featured_media":742953,"comment_status":"","ping_status":"","sticky":false,"template":"","format":"standard","meta":{"footnotes":"","_share_on_mastodon":"0"},"categories":[9619],"tags":[1111,47,11,61,69,65,64,1777,674,63,1011,27,68,66,12,62,70,882,25,67,2310],"class_list":["post-742952","post","type-post","status-publish","format-standard","has-post-thumbnail","category-toulon","tag-actu","tag-actualite","tag-actualites","tag-actus-football","tag-bundesliga","tag-championnats-europeens","tag-equipe-de-france","tag-eu","tag-europe","tag-football","tag-fr","tag-france","tag-ligua","tag-ligue-1","tag-news","tag-news-foot","tag-premier-league","tag-provence-alpes-cote-dazur","tag-republique-francaise","tag-serie-a","tag-toulon"],"share_on_mastodon":{"url":"https:\/\/pubeurope.com\/@fr\/116091975611321479","error":""},"_links":{"self":[{"href":"https:\/\/www.europesays.com\/fr\/wp-json\/wp\/v2\/posts\/742952","targetHints":{"allow":["GET"]}}],"collection":[{"href":"https:\/\/www.europesays.com\/fr\/wp-json\/wp\/v2\/posts"}],"about":[{"href":"https:\/\/www.europesays.com\/fr\/wp-json\/wp\/v2\/types\/post"}],"author":[{"embeddable":true,"href":"https:\/\/www.europesays.com\/fr\/wp-json\/wp\/v2\/users\/2"}],"replies":[{"embeddable":true,"href":"https:\/\/www.europesays.com\/fr\/wp-json\/wp\/v2\/comments?post=742952"}],"version-history":[{"count":0,"href":"https:\/\/www.europesays.com\/fr\/wp-json\/wp\/v2\/posts\/742952\/revisions"}],"wp:featuredmedia":[{"embeddable":true,"href":"https:\/\/www.europesays.com\/fr\/wp-json\/wp\/v2\/media\/742953"}],"wp:attachment":[{"href":"https:\/\/www.europesays.com\/fr\/wp-json\/wp\/v2\/media?parent=742952"}],"wp:term":[{"taxonomy":"category","embeddable":true,"href":"https:\/\/www.europesays.com\/fr\/wp-json\/wp\/v2\/categories?post=742952"},{"taxonomy":"post_tag","embeddable":true,"href":"https:\/\/www.europesays.com\/fr\/wp-json\/wp\/v2\/tags?post=742952"}],"curies":[{"name":"wp","href":"https:\/\/api.w.org\/{rel}","templated":true}]}}