{"id":742964,"date":"2026-02-18T14:00:33","date_gmt":"2026-02-18T14:00:33","guid":{"rendered":"https:\/\/www.europesays.com\/fr\/742964\/"},"modified":"2026-02-18T14:00:33","modified_gmt":"2026-02-18T14:00:33","slug":"linfirmerie-du-ca-brive-avant-le-deplacement-a-grenoble","status":"publish","type":"post","link":"https:\/\/www.europesays.com\/fr\/742964\/","title":{"rendered":"L&rsquo;infirmerie du CA Brive avant le d\u00e9placement \u00e0 Grenoble"},"content":{"rendered":"<p>Brive ajoute quelques noms \u00e0 son infirmerie avant d&rsquo;aller \u00e0 Grenoble<\/p>\n<p>Publi\u00e9 le mercredi 18 f\u00e9vrier 2026 \u00e0 05:00<\/p>\n<p><a href=\"https:\/\/www.allezbriverugby.com\/visionneuse\/album\/714\/\" target=\"_blank\" rel=\"noopener noreferrer nofollow\"><img loading=\"lazy\" decoding=\"async\" src=\"https:\/\/www.europesays.com\/fr\/wp-content\/uploads\/2026\/02\/6994b6bcf3abb.jpg\" alt=\"\" width=\"1280\" height=\"720\"\/><\/a><\/p>\n<p><strong>La saison se poursuit et \u00e0 d\u00e9faut d&rsquo;avoir le plein de confiance, il est important de continuer \u00e0 avoir une infirmerie la moins garnie possible. Cela permet d&rsquo;avoir le maximum de possibilit\u00e9s pour trouver la bonne combinaison pour le match de la fin de la semaine. Pour cette journ\u00e9e, cela sera rendez-vous samedi.<br \/><\/strong><\/p>\n<p>Si les r\u00e9sultats ne sont pas \u00e0 la hauteur des attentes, au moins on peut dire que l&rsquo;infirmerie n&rsquo;a pas connu de grandes p\u00e9riodes de fortes affluences. C&rsquo;est au moins \u00e7a comme point positif et apr\u00e8s ce d\u00e9but de bloc, cela se poursuit pour le prochain match.<\/p>\n<p><a href=\"https:\/\/www.allezbriverugby.com\/infirmerie\/infirmerie.html\" rel=\"nofollow noopener\" target=\"_blank\">L&rsquo;infirmerie ajoute de nouveaux noms \u00e0 sa liste avant Grenoble<\/a>.\u00a0<a href=\"https:\/\/www.allezbriverugby.com\/joueurs\/geoffrey-cros\/\" rel=\"nofollow noopener\" target=\"_blank\">Geoffrey Cros<\/a> (cheville), <a href=\"https:\/\/www.allezbriverugby.com\/joueurs\/marcel-van-der-merwe\/\" rel=\"nofollow noopener\" target=\"_blank\">Marcel Van der Merwe<\/a> (tendon d&rsquo;Achille), <a href=\"https:\/\/www.allezbriverugby.com\/joueurs\/asier-usarraga\/\" rel=\"nofollow noopener\" target=\"_blank\">Asier Usarraga<\/a> (cheville), <a href=\"https:\/\/www.allezbriverugby.com\/joueurs\/alexandre-ricard\/\" rel=\"nofollow noopener\" target=\"_blank\">Alexandre Ricard<\/a> (tendinite), <a href=\"https:\/\/www.allezbriverugby.com\/joueurs\/hendr\u00e9-stassen\/\" rel=\"nofollow noopener\" target=\"_blank\">Hendr\u00e9 Stassen<\/a> (commotion) et <a href=\"https:\/\/www.allezbriverugby.com\/joueurs\/taniela-sadrugu\/\" rel=\"nofollow noopener\" target=\"_blank\">Taniela Sadrugu<\/a> sont aux soins.<\/p>\n<p>Brive a d\u00e9marr\u00e9 son bloc par la r\u00e9ception d&rsquo;Agen et cela s&rsquo;est conclu par une victoire courte et difficile \u00e0 obtenir. Cette victoire permet de conserver la sixi\u00e8me place et d&rsquo;agrandir l&rsquo;\u00e9cart avec Agen. Place d\u00e9sormais \u00e0 Grenoble dans une semaine un peu plus longue que d&rsquo;habitude.<\/p>\n<p>Sur cette rencontre, il y a eu un peu de casse. <strong>Hendr\u00e9 Stassen, qui n&rsquo;a r\u00e9pondu positivement au protocole commotion vendredi, suit la protocole d\u00e9sormais<\/strong>. <strong>Taniela Sadrugu n&rsquo;a pu terminer la rencontre<\/strong> face \u00e0 Agen et est aux soins d\u00e9sormais. Il a suivi la s\u00e9ance en compagnie d&rsquo;Alexandre Ricard qui soigne sa tendinite.<\/p>\n<p>Pas de sortie de l&rsquo;infirmerie cette semaine mais des joueurs touch\u00e9s vendredi qui sont bien pr\u00e9sents pour pr\u00e9parer Grenoble. En premi\u00e8re p\u00e9riode, <a href=\"https:\/\/www.allezbriverugby.com\/joueurs\/lucas-da-silva\/\" rel=\"nofollow noopener\" target=\"_blank\">Lucas Da Silva<\/a> a vu tourner son genou mais il a pu reprendre sa place. Cette semaine, <strong>il a le genou band\u00e9 mais rien de plus<\/strong>. <a href=\"https:\/\/www.allezbriverugby.com\/joueurs\/anthony-coletta\/\" rel=\"nofollow noopener\" target=\"_blank\">Anthony Coletta<\/a> est sorti un peu sonn\u00e9 mais <strong>rien \u00e0 signaler cette semaine.<\/strong><\/p>\n<p>\u00a0<\/p>\n","protected":false},"excerpt":{"rendered":"Brive ajoute quelques noms \u00e0 son infirmerie avant d&rsquo;aller \u00e0 Grenoble Publi\u00e9 le mercredi 18 f\u00e9vrier 2026 \u00e0&hellip;\n","protected":false},"author":2,"featured_media":742965,"comment_status":"","ping_status":"","sticky":false,"template":"","format":"standard","meta":{"footnotes":"","_share_on_mastodon":"0"},"categories":[9566],"tags":[1111,11,2430,1777,674,1011,27,2731,12,25],"class_list":["post-742964","post","type-post","status-publish","format-standard","has-post-thumbnail","category-grenoble","tag-actu","tag-actualites","tag-auvergne-rhone-alpes","tag-eu","tag-europe","tag-fr","tag-france","tag-grenoble","tag-news","tag-republique-francaise"],"share_on_mastodon":{"url":"https:\/\/pubeurope.com\/@fr\/116091999179415637","error":""},"_links":{"self":[{"href":"https:\/\/www.europesays.com\/fr\/wp-json\/wp\/v2\/posts\/742964","targetHints":{"allow":["GET"]}}],"collection":[{"href":"https:\/\/www.europesays.com\/fr\/wp-json\/wp\/v2\/posts"}],"about":[{"href":"https:\/\/www.europesays.com\/fr\/wp-json\/wp\/v2\/types\/post"}],"author":[{"embeddable":true,"href":"https:\/\/www.europesays.com\/fr\/wp-json\/wp\/v2\/users\/2"}],"replies":[{"embeddable":true,"href":"https:\/\/www.europesays.com\/fr\/wp-json\/wp\/v2\/comments?post=742964"}],"version-history":[{"count":0,"href":"https:\/\/www.europesays.com\/fr\/wp-json\/wp\/v2\/posts\/742964\/revisions"}],"wp:featuredmedia":[{"embeddable":true,"href":"https:\/\/www.europesays.com\/fr\/wp-json\/wp\/v2\/media\/742965"}],"wp:attachment":[{"href":"https:\/\/www.europesays.com\/fr\/wp-json\/wp\/v2\/media?parent=742964"}],"wp:term":[{"taxonomy":"category","embeddable":true,"href":"https:\/\/www.europesays.com\/fr\/wp-json\/wp\/v2\/categories?post=742964"},{"taxonomy":"post_tag","embeddable":true,"href":"https:\/\/www.europesays.com\/fr\/wp-json\/wp\/v2\/tags?post=742964"}],"curies":[{"name":"wp","href":"https:\/\/api.w.org\/{rel}","templated":true}]}}