{"id":742966,"date":"2026-02-18T14:01:17","date_gmt":"2026-02-18T14:01:17","guid":{"rendered":"https:\/\/www.europesays.com\/fr\/742966\/"},"modified":"2026-02-18T14:01:17","modified_gmt":"2026-02-18T14:01:17","slug":"ces-7-entreprises-viennent-detre-placees-en-liquidation-judiciaire-en-ille-et-vilaine-voici-la-liste","status":"publish","type":"post","link":"https:\/\/www.europesays.com\/fr\/742966\/","title":{"rendered":"Ces 7 entreprises viennent d\u2019\u00eatre plac\u00e9es en liquidation judiciaire en Ille-et-Vilaine\u00a0: voici la liste"},"content":{"rendered":"<p>7 entreprises d\u2019Ille-et-Vilaine ont \u00e9t\u00e9 plac\u00e9es en liquidation judiciaire par le tribunal de commerce de Rennes lors de son audience du mercredi 2 f\u00e9vrier 2026. Voici lesquelles.<\/p>\n<p>&#8211;<strong>SARLU A.S.C<\/strong>., activit\u00e9s sp\u00e9cialis\u00e9es de design \u00e0 Rennes.<\/p>\n<p>&#8211;<strong>SARL GEM LA GALETTE<\/strong>, restauration de type rapide \u00e0 Feins<\/p>\n<p>&#8211;<strong>COASV RDV Nomade<\/strong>, activit\u00e9s de loisirs au Sel-de-Bretagne<\/p>\n<p>&#8211;<strong>SAS LAPALA<\/strong>, \u00e9dition de logiciels applicatifs \u00e0 Saint-Gr\u00e9goire<\/p>\n<p>&#8211;<strong>SAS LA VENTILATION BRETILLIENNE<\/strong>, travaux d\u2019installation \u00e9lectrique et ventilation \u00e0 Mordelles<\/p>\n<p>&#8211;<strong>SARL KABANON<\/strong>, commerce de d\u00e9tail d\u2019objets de d\u00e9coration et bazar \u00e0 Rennes<\/p>\n<p>&#8211;<strong>Mme Ghislaine TARDIVEL<\/strong>, travaux de peinture et vitrerie \u00e0 Pleumeuleuc<\/p>\n","protected":false},"excerpt":{"rendered":"7 entreprises d\u2019Ille-et-Vilaine ont \u00e9t\u00e9 plac\u00e9es en liquidation judiciaire par le tribunal de commerce de Rennes lors de&hellip;\n","protected":false},"author":2,"featured_media":742967,"comment_status":"","ping_status":"","sticky":false,"template":"","format":"standard","meta":{"footnotes":"","_share_on_mastodon":"0"},"categories":[2821],"tags":[1111,11,829,1777,674,1011,27,848,12,584,25],"class_list":["post-742966","post","type-post","status-publish","format-standard","has-post-thumbnail","category-rennes","tag-actu","tag-actualites","tag-bretagne","tag-eu","tag-europe","tag-fr","tag-france","tag-ille-et-vilaine","tag-news","tag-rennes","tag-republique-francaise"],"share_on_mastodon":{"url":"https:\/\/pubeurope.com\/@fr\/116092002914217859","error":""},"_links":{"self":[{"href":"https:\/\/www.europesays.com\/fr\/wp-json\/wp\/v2\/posts\/742966","targetHints":{"allow":["GET"]}}],"collection":[{"href":"https:\/\/www.europesays.com\/fr\/wp-json\/wp\/v2\/posts"}],"about":[{"href":"https:\/\/www.europesays.com\/fr\/wp-json\/wp\/v2\/types\/post"}],"author":[{"embeddable":true,"href":"https:\/\/www.europesays.com\/fr\/wp-json\/wp\/v2\/users\/2"}],"replies":[{"embeddable":true,"href":"https:\/\/www.europesays.com\/fr\/wp-json\/wp\/v2\/comments?post=742966"}],"version-history":[{"count":0,"href":"https:\/\/www.europesays.com\/fr\/wp-json\/wp\/v2\/posts\/742966\/revisions"}],"wp:featuredmedia":[{"embeddable":true,"href":"https:\/\/www.europesays.com\/fr\/wp-json\/wp\/v2\/media\/742967"}],"wp:attachment":[{"href":"https:\/\/www.europesays.com\/fr\/wp-json\/wp\/v2\/media?parent=742966"}],"wp:term":[{"taxonomy":"category","embeddable":true,"href":"https:\/\/www.europesays.com\/fr\/wp-json\/wp\/v2\/categories?post=742966"},{"taxonomy":"post_tag","embeddable":true,"href":"https:\/\/www.europesays.com\/fr\/wp-json\/wp\/v2\/tags?post=742966"}],"curies":[{"name":"wp","href":"https:\/\/api.w.org\/{rel}","templated":true}]}}