{"id":742968,"date":"2026-02-18T14:02:13","date_gmt":"2026-02-18T14:02:13","guid":{"rendered":"https:\/\/www.europesays.com\/fr\/742968\/"},"modified":"2026-02-18T14:02:13","modified_gmt":"2026-02-18T14:02:13","slug":"rennes-bloque-beye-lom-fonce-sur-regragui","status":"publish","type":"post","link":"https:\/\/www.europesays.com\/fr\/742968\/","title":{"rendered":"Rennes bloque Beye, l&rsquo;OM fonce sur Regragui"},"content":{"rendered":"<p><b>Le dossier Habib Beye tra\u00eene en longueur \u00e0 l\u2019OM, qui explore d\u2019autres pistes dans le cas o\u00f9 le futur ex-entra\u00eeneur de Rennes ne soit pas lib\u00e9r\u00e9 rapidement. Le dossier Walid Regragui est \u00e0 suivre de pr\u00e8s.<\/b><\/p>\n<p>Confort\u00e9 mardi par Frank McCourt qui lui a octroy\u00e9 un pouvoir \u00e9largi sur le secteur sportif, Medhi Benatia a la charge de rapidement nommer un nouvel entra\u00eeneur. <a href=\"https:\/\/www.foot01.com\/marseille\/om-rothen-detruit-habib-beye-le-pistonne\" target=\"_self\" rel=\"nofollow noopener\">Son choix num\u00e9ro 1 est connu depuis plusieurs jours, il s\u2019agit d\u2019Habib Beye<\/a>. Probl\u00e8me, l\u2019entra\u00eeneur de 48 ans est toujours li\u00e9 au Stade Rennais et pour l\u2019heure, aucun accord n\u2019a \u00e9t\u00e9 trouv\u00e9 entre les deux parties pour la rupture de son contrat.<\/p>\n<p>Une situation forc\u00e9ment handicapante pour Marseille, dans l\u2019attente et qui n\u2019a toujours pas officialis\u00e9 l\u2019arriv\u00e9e du successeur de Roberto De Zerbi. L\u2019espoir existe \u00e0 Marseille de r\u00e9gler dans les jours \u00e0 venir la situation d\u2019Habib Beye. Mais si cela venait \u00e0 se montrer trop compliqu\u00e9, alors Medhi Benatia pourrait se rabattre sur un plan B. Le nom d\u2019Eric Chelle a \u00e9t\u00e9 \u00e9voqu\u00e9 mais selon Le Site Info, un autre s\u00e9lectionneur de nation africaine tient la corde : Walid Regragui.<\/p>\n<p>Une piste s\u00e9rieuse \u00e0 prendre en consid\u00e9ration selon une source proche du dossier. \u00ab Il s\u2019agit \u00e0 ce stade d\u2019un simple int\u00e9r\u00eat, ce qui est tout \u00e0 fait l\u00e9gitime. Il est naturel que des clubs ou des s\u00e9lections s\u2019int\u00e9ressent au profil de Regragui au regard de son parcours et de ses r\u00e9sultats \u00bb affirme une source proche du dossier au m\u00e9dia.<\/p>\n<p>Un int\u00e9r\u00eat bien r\u00e9el de l&rsquo;OM pour Regragui<\/p>\n<p> \u00ab Le s\u00e9lectionneur respecte son contrat avec la F\u00e9d\u00e9ration royale marocaine de football \u00bb temp\u00e8re n\u00e9anmoins cette m\u00eame source. Autrement dit, Walid Regragui reste pour l\u2019instant focalis\u00e9 \u00e0 100% dans sa mission avec le Maroc. Mais la situation reste fragile et une offre de l\u2019Olympique de Marseille pourrait faire \u00e9voluer la position du s\u00e9lectionneur des Lions de l\u2019Atlas, qui a oralement propos\u00e9 sa d\u00e9mission apr\u00e8s la finale de la CAN perdue contre le S\u00e9n\u00e9gal cet hiver<\/p>\n<p>Les supporters olympiens garderont donc un oeil attentif sur la situation de Walid Regragui, possible plan de secours pour Medhi Benatia en cas d\u2019\u00e9chec de la piste Habib Beye, lequel tient n\u00e9anmoins la corde pour entra\u00eener l\u2019OM puisque Lib\u00e9ration affirmait mardi que le futur ex-entra\u00eeneur de Rennes avait \u00ab 99% \u00bb de chances de devenir le coach de Marseille pour cette fin de saison.<\/p>\n","protected":false},"excerpt":{"rendered":"Le dossier Habib Beye tra\u00eene en longueur \u00e0 l\u2019OM, qui explore d\u2019autres pistes dans le cas o\u00f9 le&hellip;\n","protected":false},"author":2,"featured_media":742969,"comment_status":"","ping_status":"","sticky":false,"template":"","format":"standard","meta":{"footnotes":"","_share_on_mastodon":"0"},"categories":[2821],"tags":[1111,11,829,1777,674,1011,27,66,12,149,584,25],"class_list":["post-742968","post","type-post","status-publish","format-standard","has-post-thumbnail","category-rennes","tag-actu","tag-actualites","tag-bretagne","tag-eu","tag-europe","tag-fr","tag-france","tag-ligue-1","tag-news","tag-om","tag-rennes","tag-republique-francaise"],"share_on_mastodon":{"url":"https:\/\/pubeurope.com\/@fr\/116092006888964037","error":""},"_links":{"self":[{"href":"https:\/\/www.europesays.com\/fr\/wp-json\/wp\/v2\/posts\/742968","targetHints":{"allow":["GET"]}}],"collection":[{"href":"https:\/\/www.europesays.com\/fr\/wp-json\/wp\/v2\/posts"}],"about":[{"href":"https:\/\/www.europesays.com\/fr\/wp-json\/wp\/v2\/types\/post"}],"author":[{"embeddable":true,"href":"https:\/\/www.europesays.com\/fr\/wp-json\/wp\/v2\/users\/2"}],"replies":[{"embeddable":true,"href":"https:\/\/www.europesays.com\/fr\/wp-json\/wp\/v2\/comments?post=742968"}],"version-history":[{"count":0,"href":"https:\/\/www.europesays.com\/fr\/wp-json\/wp\/v2\/posts\/742968\/revisions"}],"wp:featuredmedia":[{"embeddable":true,"href":"https:\/\/www.europesays.com\/fr\/wp-json\/wp\/v2\/media\/742969"}],"wp:attachment":[{"href":"https:\/\/www.europesays.com\/fr\/wp-json\/wp\/v2\/media?parent=742968"}],"wp:term":[{"taxonomy":"category","embeddable":true,"href":"https:\/\/www.europesays.com\/fr\/wp-json\/wp\/v2\/categories?post=742968"},{"taxonomy":"post_tag","embeddable":true,"href":"https:\/\/www.europesays.com\/fr\/wp-json\/wp\/v2\/tags?post=742968"}],"curies":[{"name":"wp","href":"https:\/\/api.w.org\/{rel}","templated":true}]}}