{"id":743007,"date":"2026-02-18T14:24:13","date_gmt":"2026-02-18T14:24:13","guid":{"rendered":"https:\/\/www.europesays.com\/fr\/743007\/"},"modified":"2026-02-18T14:24:13","modified_gmt":"2026-02-18T14:24:13","slug":"une-conspiration-gay-dati-dement-les-propos-que-lui-prete-le-nouvel-obs","status":"publish","type":"post","link":"https:\/\/www.europesays.com\/fr\/743007\/","title":{"rendered":"\u00ab\u00a0Une conspiration gay\u00a0\u00bb\u2026 Dati d\u00e9ment les propos que lui pr\u00eate le Nouvel Obs"},"content":{"rendered":"<p>Les propos sont particuli\u00e8rement graves. Selon Le Nouvel Obs, <a href=\"https:\/\/www.20minutes.fr\/politique\/rachida_dati\" class=\"c-link c-link--is-underlined\" rel=\"nofollow noopener\" target=\"_blank\">Rachida Dati<\/a>, candidate LR et <a href=\"https:\/\/www.20minutes.fr\/dossier\/modem\" class=\"c-link c-link--is-underlined\" rel=\"nofollow noopener\" target=\"_blank\">MoDem<\/a> \u00e0 la Mairie de Paris, aurait d\u00e9clar\u00e9 que \u00ab\u00a0le club des homosexuels\u00a0\u00bb voulait lui \u00ab\u00a0faire perdre\u00a0\u00bb l\u2019\u00e9lection des 15 et 22\u00a0mars et invoqu\u00e9 une \u00ab\u00a0conspiration gay\u00a0\u00bb. Le Nouvel Obs affirme que ces propos <a href=\"https:\/\/www.20minutes.fr\/dossier\/homophobie\" class=\"c-link c-link--is-underlined\" rel=\"nofollow noopener\" target=\"_blank\">homophobes <\/a>\u00e9taient dirig\u00e9s contre son concurrent Pierre-Yves Bournazel, candidat <a href=\"https:\/\/www.20minutes.fr\/horizons\/\" class=\"c-link c-link--is-underlined\" rel=\"nofollow noopener\" target=\"_blank\">Horizons<\/a> \u00e0 l\u2019H\u00f4tel de ville, ainsi que <a href=\"https:\/\/www.20minutes.fr\/politique\/gabriel-attal\/\" class=\"c-link c-link--is-underlined\" rel=\"nofollow noopener\" target=\"_blank\">Gabriel Attal<\/a>, le patron de Renaissance qui soutient cette candidature.<\/p>\n<p>L\u2019ancienne ministre de la Culture d\u00e9ment ces propos et a annonc\u00e9 ce mercredi porter plainte contre l\u2019hebdomadaire. \u00ab\u00a0Les propos que m\u2019attribue \u00ab\u00a0Le Nouvel Obs\u00a0\u00bb sont mensongers et honteux. \u00c7a va trop loin\u00a0! Que ceux qui colportent ces accusations le fassent \u00e0 visage d\u00e9couvert car c\u2019est faux. Je porte plainte pour diffamation\u00a0\u00bb, a r\u00e9agi Rachida Dati sur X.<\/p>\n<\/p>\n<p>Des \u00ab\u00a0discours de haine\u00a0\u00bb<\/p>\n<p>\u00ab\u00a0Voil\u00e0 comment vous parleriez de vos concurrents \u00e0 la Mairie de Paris\u00a0?\u00a0\u00bb, l\u2019a interpell\u00e9 Pierre-Yves Bournazel, sur X \u00e9galement. \u00ab\u00a0Sugg\u00e9rer qu\u2019un \u00ab\u00a0club des homosexuels\u00a0\u00bb agirait dans l\u2019ombre pour nuire politiquement aux ambitions personnelles de la <a href=\"https:\/\/www.20minutes.fr\/dossier\/ministre_de_la_culture\" class=\"c-link c-link--is-underlined\" rel=\"nofollow noopener\" target=\"_blank\">ministre de la Culture<\/a> rel\u00e8ve d\u2019un imaginaire complotiste et participe \u00e0 la banalisation des discours de haine\u00a0\u00bb, a r\u00e9agi dans un communiqu\u00e9 <a href=\"https:\/\/www.20minutes.fr\/politique\/emmanuel-gregoire\/\" class=\"c-link c-link--is-underlined\" rel=\"nofollow noopener\" target=\"_blank\">Emmanuel Gr\u00e9goire<\/a>, candidat de la gauche unie sans LFI \u00e0 l\u2019H\u00f4tel de ville.<\/p>\n<p>\u00ab\u00a0Rachida Dati doit s\u2019expliquer clairement et sans ambigu\u00eft\u00e9. On ne peut pr\u00e9tendre rassembler les Parisiennes et les Parisiens tout en diffusant des st\u00e9r\u00e9otypes et des insinuations qui stigmatisent une partie d\u2019entre eux\u00a0\u00bb, estime le d\u00e9put\u00e9 socialiste. \u00ab\u00a0Nouveau naufrage pour Rachida Dati\u00a0\u00bb, a cingl\u00e9 de son c\u00f4t\u00e9 la maire socialiste sortante <a href=\"https:\/\/www.20minutes.fr\/dossier\/anne_hidalgo\" class=\"c-link c-link--is-underlined\" rel=\"nofollow noopener\" target=\"_blank\">Anne Hidalgo<\/a> sur Instagram.<\/p>\n","protected":false},"excerpt":{"rendered":"Les propos sont particuli\u00e8rement graves. Selon Le Nouvel Obs, Rachida Dati, candidate LR et MoDem \u00e0 la Mairie&hellip;\n","protected":false},"author":2,"featured_media":743008,"comment_status":"","ping_status":"","sticky":false,"template":"","format":"standard","meta":{"footnotes":"","_share_on_mastodon":"0"},"categories":[1888],"tags":[47,11,2761,1777,674,1011,27,8717,12,626,316,417,25],"class_list":["post-743007","post","type-post","status-publish","format-standard","has-post-thumbnail","category-paris","tag-actualite","tag-actualites","tag-elections-municipales-2026","tag-eu","tag-europe","tag-fr","tag-france","tag-homophobie","tag-news","tag-paris","tag-politique","tag-rachida-dati","tag-republique-francaise"],"share_on_mastodon":{"url":"https:\/\/pubeurope.com\/@fr\/116092093501157982","error":""},"_links":{"self":[{"href":"https:\/\/www.europesays.com\/fr\/wp-json\/wp\/v2\/posts\/743007","targetHints":{"allow":["GET"]}}],"collection":[{"href":"https:\/\/www.europesays.com\/fr\/wp-json\/wp\/v2\/posts"}],"about":[{"href":"https:\/\/www.europesays.com\/fr\/wp-json\/wp\/v2\/types\/post"}],"author":[{"embeddable":true,"href":"https:\/\/www.europesays.com\/fr\/wp-json\/wp\/v2\/users\/2"}],"replies":[{"embeddable":true,"href":"https:\/\/www.europesays.com\/fr\/wp-json\/wp\/v2\/comments?post=743007"}],"version-history":[{"count":0,"href":"https:\/\/www.europesays.com\/fr\/wp-json\/wp\/v2\/posts\/743007\/revisions"}],"wp:featuredmedia":[{"embeddable":true,"href":"https:\/\/www.europesays.com\/fr\/wp-json\/wp\/v2\/media\/743008"}],"wp:attachment":[{"href":"https:\/\/www.europesays.com\/fr\/wp-json\/wp\/v2\/media?parent=743007"}],"wp:term":[{"taxonomy":"category","embeddable":true,"href":"https:\/\/www.europesays.com\/fr\/wp-json\/wp\/v2\/categories?post=743007"},{"taxonomy":"post_tag","embeddable":true,"href":"https:\/\/www.europesays.com\/fr\/wp-json\/wp\/v2\/tags?post=743007"}],"curies":[{"name":"wp","href":"https:\/\/api.w.org\/{rel}","templated":true}]}}