{"id":74301,"date":"2025-05-04T13:16:08","date_gmt":"2025-05-04T13:16:08","guid":{"rendered":"https:\/\/www.europesays.com\/fr\/74301\/"},"modified":"2025-05-04T13:16:08","modified_gmt":"2025-05-04T13:16:08","slug":"cette-incontournable-terrasse-de-2-500-m2-vient-de-rouvrir-au-bord-des-bassins-a-flot-de-bordeaux","status":"publish","type":"post","link":"https:\/\/www.europesays.com\/fr\/74301\/","title":{"rendered":"Cette incontournable terrasse de 2 500 m2 vient de rouvrir au bord des bassins \u00e0 flot de Bordeaux"},"content":{"rendered":"<p>            Par<br \/>\n        <strong><br \/>\n            <a href=\"https:\/\/actu.fr\/auteur\/redaction-bordeaux\" title=\"Consulter tous les articles de R\u00e9daction Bordeaux\" rel=\"nofollow noopener\" target=\"_blank\">R\u00e9daction Bordeaux<\/a><br \/>\n        <\/strong><\/p>\n<p>        Publi\u00e9 le<\/p>\n<p>            4 mai 2025 \u00e0 13h46        <\/p>\n<p>L\u2019immense terrasse de l\u2019Effet Mer a enfin rouvert ses portes, le vendredi 2 mai 2025. Elle s\u2019\u00e9tend sur 2 500 m2, juste \u00e0 c\u00f4t\u00e9 de la base sous-marine, au bord des <a href=\"https:\/\/actu.fr\/nouvelle-aquitaine\/bordeaux_33063\/bordeaux-des-gens-vivent-ici-rappellent-les-riverains-des-bassins-a-flots-excedes-par-le-bruit_59789727.html\" rel=\"nofollow noopener\" target=\"_blank\">bassins \u00e0 flot<\/a> \u00e0 Bordeaux.<\/p>\n<p class=\" wall-content\">Son<strong> esprit guinguette<\/strong> s\u00e9duit chaque ann\u00e9e quelque 150 000 visiteurs, qui profitent \u00e0 l\u2019ombre des oliviers, sur les terrains de p\u00e9tanque ou devant un match diffus\u00e9 sur grand \u00e9cran.<\/p>\n<p>Programmation musicale<\/p>\n<p class=\" wall-content\">La terrasse est <strong>ouverte tous les jours de midi \u00e0 minuit<\/strong>. Chaque soir, des artistes locaux font des concerts en live : les <a href=\"https:\/\/www.instagram.com\/p\/DI8a5ihKYlo\/?img_index=1\" rel=\"nofollow noopener\" target=\"_blank\">groupes habitu\u00e9s<\/a> qui se produiront et <a href=\"https:\/\/www.instagram.com\/p\/DJHfBCmqhwn\/?img_index=1\" rel=\"nofollow noopener\" target=\"_blank\">les nouveaux<\/a> sont disponibles sur la page Instagram de l\u2019Effet Mer. Leurs concerts sont suivis de DJ sets.\u00a0<\/p>\n<p class=\" wall-content\">Il est possible de r\u00e9server sur le site du restaurant.\u00a0<\/p>\n<p class=\" wall-content\">Suivez toute l\u2019actualit\u00e9 de vos villes et m\u00e9dias favoris en vous inscrivant \u00e0 <a href=\"https:\/\/moncompte.actu.fr\" title=\"D\u00e9couvez Mon Actu\" rel=\"nofollow noopener\" data-trk=\"{&quot;cta&quot;:{&quot;action&quot;:&quot;https:\\\/\\\/moncompte.actu.fr&quot;,&quot;category&quot;:&quot;mon compte&quot;,&quot;from&quot;:&quot;article footer&quot;,&quot;name&quot;:&quot;Mon actu&quot;,&quot;type&quot;:&quot;cta&quot;}}\" target=\"_blank\">Mon Actu<\/a>.<\/p>\n<p>                    <script async src=\"\/\/www.instagram.com\/embed.js\"><\/script><\/p>\n","protected":false},"excerpt":{"rendered":"Par R\u00e9daction Bordeaux Publi\u00e9 le 4 mai 2025 \u00e0 13h46 L\u2019immense terrasse de l\u2019Effet Mer a enfin rouvert&hellip;\n","protected":false},"author":2,"featured_media":74302,"comment_status":"","ping_status":"","sticky":false,"template":"","format":"standard","meta":{"footnotes":""},"categories":[2817],"tags":[1111,11,1997,1777,674,1011,27,1305,12,3147,2219,25],"class_list":{"0":"post-74301","1":"post","2":"type-post","3":"status-publish","4":"format-standard","5":"has-post-thumbnail","7":"category-bordeaux","8":"tag-actu","9":"tag-actualites","10":"tag-bordeaux","11":"tag-eu","12":"tag-europe","13":"tag-fr","14":"tag-france","15":"tag-lifestyle","16":"tag-news","17":"tag-nouveaux-commerces","18":"tag-nouvelle-aquitaine","19":"tag-republique-francaise"},"share_on_mastodon":{"url":"https:\/\/pubeurope.com\/@fr\/114449755865903816","error":""},"_links":{"self":[{"href":"https:\/\/www.europesays.com\/fr\/wp-json\/wp\/v2\/posts\/74301","targetHints":{"allow":["GET"]}}],"collection":[{"href":"https:\/\/www.europesays.com\/fr\/wp-json\/wp\/v2\/posts"}],"about":[{"href":"https:\/\/www.europesays.com\/fr\/wp-json\/wp\/v2\/types\/post"}],"author":[{"embeddable":true,"href":"https:\/\/www.europesays.com\/fr\/wp-json\/wp\/v2\/users\/2"}],"replies":[{"embeddable":true,"href":"https:\/\/www.europesays.com\/fr\/wp-json\/wp\/v2\/comments?post=74301"}],"version-history":[{"count":0,"href":"https:\/\/www.europesays.com\/fr\/wp-json\/wp\/v2\/posts\/74301\/revisions"}],"wp:featuredmedia":[{"embeddable":true,"href":"https:\/\/www.europesays.com\/fr\/wp-json\/wp\/v2\/media\/74302"}],"wp:attachment":[{"href":"https:\/\/www.europesays.com\/fr\/wp-json\/wp\/v2\/media?parent=74301"}],"wp:term":[{"taxonomy":"category","embeddable":true,"href":"https:\/\/www.europesays.com\/fr\/wp-json\/wp\/v2\/categories?post=74301"},{"taxonomy":"post_tag","embeddable":true,"href":"https:\/\/www.europesays.com\/fr\/wp-json\/wp\/v2\/tags?post=74301"}],"curies":[{"name":"wp","href":"https:\/\/api.w.org\/{rel}","templated":true}]}}