{"id":743124,"date":"2026-02-18T15:34:17","date_gmt":"2026-02-18T15:34:17","guid":{"rendered":"https:\/\/www.europesays.com\/fr\/743124\/"},"modified":"2026-02-18T15:34:17","modified_gmt":"2026-02-18T15:34:17","slug":"gerard-depardieu-vient-de-vendre-sa-somptueuse-demeure-dans-un-quartier-prestigieux-de-paris-pour-plusieurs-millions-deuros-avec-piscine-interieure-et-cuisine-professionnelle","status":"publish","type":"post","link":"https:\/\/www.europesays.com\/fr\/743124\/","title":{"rendered":"G\u00e9rard Depardieu vient de vendre sa somptueuse demeure dans un quartier prestigieux de Paris pour plusieurs millions d\u2019euros, avec piscine int\u00e9rieure et cuisine professionnelle"},"content":{"rendered":"<p>\n    Mis en vente depuis plus de dix ans, l\u2019h\u00f4tel particulier parisien de G\u00e9rard Depardieu a finalement trouv\u00e9 acqu\u00e9reur. Situ\u00e9e en plein c\u0153ur de Saint-Germain-des-Pr\u00e9s, cette demeure d\u2019exception charg\u00e9e d\u2019histoire a \u00e9t\u00e9 c\u00e9d\u00e9e bien en dessous de son prix initial, tournant ainsi une page importante dans le patrimoine immobilier du com\u00e9dien.\n<\/p>\n<p>                            <img loading=\"lazy\" decoding=\"async\" class=\"player-thumbnail\" src=\"https:\/\/www.europesays.com\/fr\/wp-content\/uploads\/2026\/02\/96d7a10c95a56237-580x326-2.jpg\" width=\"580\" height=\"326\"\/><\/p>\n<p>                            G\u00e9rard Depardieu vient de vendre sa somptueuse demeure dans un quartier prestigieux de Paris pour plusieurs millions d\u2019euros, avec piscine int\u00e9rieure et cuisine professionnelle<\/p>\n<p>Apr\u00e8s de longues ann\u00e9es d\u2019attente, la vente de l\u2019h\u00f4tel particulier de <a href=\"https:\/\/www.purepeople.com\/people\/gerard-depardieu_p188\" rel=\"nofollow noopener\" target=\"_blank\">G\u00e9rard Depardieu<\/a> \u00e0 Paris est enfin boucl\u00e9e, selon nos confr\u00e8res de CFNews Immo. Situ\u00e9e rue du Cherche-Midi, au c\u0153ur du tr\u00e8s pris\u00e9 quartier de Saint-Germain-des-Pr\u00e9s, cette propri\u00e9t\u00e9 d\u2019exception a \u00e9t\u00e9 c\u00e9d\u00e9e pour 22,6 millions d\u2019euros \u00e0 un fonds britannique, Quantum Capital Funds. Une somme cons\u00e9quente, mais nettement inf\u00e9rieure aux quelque 50 millions d\u2019euros esp\u00e9r\u00e9s lors de sa mise sur le march\u00e9 en 2012.<\/p>\n<p>Ce vaste ensemble immobilier d\u2019environ 1 800 m\u00b2 se compose de deux b\u00e2timents distincts. Le premier, l\u2019h\u00f4tel de Chambon, date du d\u00e9but du XIXe si\u00e8cle et b\u00e9n\u00e9ficie d\u2019une inscription aux Monuments historiques pour ses fa\u00e7ades. Le second, de style loft, a \u00e9t\u00e9 r\u00e9am\u00e9nag\u00e9 par l\u2019artiste Bernard Quentin et s\u2019\u00e9l\u00e8ve sur trois niveaux. <a href=\"https:\/\/www.purepeople.com\/article\/gerard-depardieu-son-incroyable-hotel-particulier-qui-vaut-50-millions-d-euros_a501955\/1\" rel=\"nofollow noopener\" target=\"_blank\">L\u2019acteur avait acquis la propri\u00e9t\u00e9 dans les ann\u00e9es 1990 avant d\u2019y engager d\u2019importants travaux<\/a> de r\u00e9novation, supervis\u00e9s notamment par l\u2019architecte Guillaume Trouv\u00e9 et le d\u00e9corateur Jacques Garcia, afin d\u2019en faire un lieu \u00e0 la fois r\u00e9sidentiel et professionnel.<\/p>\n<p>G\u00e9rard Depardieu : sa demeure de prestige aux prestations exceptionnelles<\/p>\n<p>Pens\u00e9 un temps comme un futur h\u00f4tel de luxe, l\u2019ensemble offre des prestations haut de gamme : piscine int\u00e9rieure, vastes espaces de r\u00e9ception, cuisine professionnelle et plusieurs appartements dans les \u00e9tages. Une salle \u00e0 manger prolong\u00e9e par une verri\u00e8re de type orangerie, ouverte sur le jardin, permettrait d\u2019accueillir jusqu\u2019\u00e0 80 convives.<\/p>\n<p>La d\u00e9cision de vendre remonte \u00e0 plus d\u2019une d\u00e9cennie, \u00e0 une p\u00e9riode o\u00f9 le com\u00e9dien envisageait de s\u2019installer hors de France. Malgr\u00e9 son prestige et son emplacement exceptionnel, la demeure aura donc mis des ann\u00e9es \u00e0 trouver acqu\u00e9reur. Cette transaction intervient par ailleurs dans un contexte d\u00e9licat pour l\u2019acteur, <a href=\"https:\/\/www.purepeople.com\/article\/la-peine-requise-est-confirmee-gerard-depardieu-condamne-par-le-tribunal-de-paris_a538012\/1\" rel=\"nofollow noopener\" target=\"_blank\">r\u00e9cemment condamn\u00e9 \u00e0 une peine de prison avec sursis dans une affaire d\u2019agressions sexuelles<\/a> (d\u00e9cision dont il a fait appel) et vis\u00e9 aussi par une enqu\u00eate pour fraude fiscale pr\u00e9sum\u00e9e.<\/p>\n<p>Propri\u00e9taire de nombreux biens au cours de sa carri\u00e8re, dont le ch\u00e2teau de Tign\u00e9 dans le Maine-et-Loire, G\u00e9rard Depardieu se s\u00e9pare ainsi de l\u2019une de ses adresses les plus embl\u00e9matiques.<\/p>\n<p>        <img decoding=\"async\" class=\"thumb-img-100 thumb-img\" src=\"https:\/\/www.europesays.com\/fr\/wp-content\/uploads\/2026\/02\/816824f99abe895f-320x180-2.jpg\" alt=\"G\u00e9rard Depardieu : son ex-femme et m\u00e8re de ses deux premiers enfants Elisabeth Guignot prend la parole publiquement\" width=\"320\" height=\"180\" loading=\"lazy\" role=\"presentation\"\/><\/p>\n<p>                                            G\u00e9rard Depardieu : son ex-femme et m\u00e8re de ses deux premiers enfants Elisabeth Guignot prend la parole publiquement<\/p>\n<p>                <img loading=\"lazy\" decoding=\"async\" src=\"https:\/\/www.europesays.com\/fr\/wp-content\/uploads\/2025\/04\/150-66cc601646b5f-35x35-1.jpg\" class=\"author-article-picture\" width=\"35\" height=\"35\"\/><\/p>\n<p>                    Par<\/p>\n<p>                                            <a class=\"author-article-bio-link\" href=\"https:\/\/www.purepeople.com\/auteur\/adrian-gauteye_a150\" rel=\"nofollow noopener\" target=\"_blank\">Adrian Gauteye<\/a><\/p>\n<p>                    |<\/p>\n<p>                                            R\u00e9dacteur<\/p>\n<p>\n                \u00ab La Vie, c&rsquo;est comme une bo\u00eete de chocolats : on ne sait jamais sur quoi on va tomber \u00bb. Avec Adrien, c\u2019est un peu pareil. En plus de se passionner pour les r\u00e9pliques de films culte, il \u00e9crit aussi bien sur La villa des coeurs bris\u00e9s qu\u2019\u00e0 propos de la famille royale britannique. Rassurez-vous, jamais les deux ensemble. Du moins pas encore&#8230;\n            <\/p>\n","protected":false},"excerpt":{"rendered":"Mis en vente depuis plus de dix ans, l\u2019h\u00f4tel particulier parisien de G\u00e9rard Depardieu a finalement trouv\u00e9 acqu\u00e9reur.&hellip;\n","protected":false},"author":2,"featured_media":743125,"comment_status":"","ping_status":"","sticky":false,"template":"","format":"standard","meta":{"footnotes":"","_share_on_mastodon":"0"},"categories":[1888],"tags":[11,1777,674,1011,27,12,626,25],"class_list":["post-743124","post","type-post","status-publish","format-standard","has-post-thumbnail","category-paris","tag-actualites","tag-eu","tag-europe","tag-fr","tag-france","tag-news","tag-paris","tag-republique-francaise"],"share_on_mastodon":{"url":"https:\/\/pubeurope.com\/@fr\/116092368750658775","error":""},"_links":{"self":[{"href":"https:\/\/www.europesays.com\/fr\/wp-json\/wp\/v2\/posts\/743124","targetHints":{"allow":["GET"]}}],"collection":[{"href":"https:\/\/www.europesays.com\/fr\/wp-json\/wp\/v2\/posts"}],"about":[{"href":"https:\/\/www.europesays.com\/fr\/wp-json\/wp\/v2\/types\/post"}],"author":[{"embeddable":true,"href":"https:\/\/www.europesays.com\/fr\/wp-json\/wp\/v2\/users\/2"}],"replies":[{"embeddable":true,"href":"https:\/\/www.europesays.com\/fr\/wp-json\/wp\/v2\/comments?post=743124"}],"version-history":[{"count":0,"href":"https:\/\/www.europesays.com\/fr\/wp-json\/wp\/v2\/posts\/743124\/revisions"}],"wp:featuredmedia":[{"embeddable":true,"href":"https:\/\/www.europesays.com\/fr\/wp-json\/wp\/v2\/media\/743125"}],"wp:attachment":[{"href":"https:\/\/www.europesays.com\/fr\/wp-json\/wp\/v2\/media?parent=743124"}],"wp:term":[{"taxonomy":"category","embeddable":true,"href":"https:\/\/www.europesays.com\/fr\/wp-json\/wp\/v2\/categories?post=743124"},{"taxonomy":"post_tag","embeddable":true,"href":"https:\/\/www.europesays.com\/fr\/wp-json\/wp\/v2\/tags?post=743124"}],"curies":[{"name":"wp","href":"https:\/\/api.w.org\/{rel}","templated":true}]}}