{"id":74317,"date":"2025-05-04T13:25:10","date_gmt":"2025-05-04T13:25:10","guid":{"rendered":"https:\/\/www.europesays.com\/fr\/74317\/"},"modified":"2025-05-04T13:25:10","modified_gmt":"2025-05-04T13:25:10","slug":"lyon-ecarte-sans-trembler-le-racing-92-et-jouera-la-finale-face-a-bath","status":"publish","type":"post","link":"https:\/\/www.europesays.com\/fr\/74317\/","title":{"rendered":"Lyon \u00e9carte sans trembler le Racing 92 et jouera la finale face \u00e0 Bath"},"content":{"rendered":"<p>Le LOU a domin\u00e9 le Racing 92 (29-15) \u00e0 Lyon pour s\u2019inviter en finale de la Challenge Cup. Ce sera le 23 mai \u00e0 Cardiff.<\/p>\n<p class=\"fig-paragraph\">Le LOU tentera le 23 mai prochain \u00e0 Cardiff face aux Anglais de Bath de remporter sa deuxi\u00e8me Challenge Cup de son histoire apr\u00e8s le sacre en 2022 face \u00e0 Toulon. En demi-finale ce dimanche, les Lyonnais sont venus \u00e0 bout du Racing 92 en ma\u00eetrisant leur adversaire (29-15, 10-8 \u00e0 la pause). Quatre essais ont \u00e9t\u00e9 inscrits durant la rencontre\u00a0: Rattez (27e) et Saginadze (50e) c\u00f4t\u00e9 lyonnais, Escobar (35e) et Labarbe (54e) c\u00f4t\u00e9 francilien.<\/p>\n<p class=\"fig-paragraph\">Plus d\u2019informations \u00e0 venir&#8230;<\/p>\n","protected":false},"excerpt":{"rendered":"Le LOU a domin\u00e9 le Racing 92 (29-15) \u00e0 Lyon pour s\u2019inviter en finale de la Challenge Cup.&hellip;\n","protected":false},"author":2,"featured_media":74318,"comment_status":"","ping_status":"","sticky":false,"template":"","format":"standard","meta":{"footnotes":""},"categories":[1889],"tags":[2306,1111,11,2430,525,2309,1981,2313,1089,451,814,1777,674,1011,27,2428,955,12,2308,2311,5421,25,1980,479,2259,2307,478,2310,2312,513],"class_list":{"0":"post-74317","1":"post","2":"type-post","3":"status-publish","4":"format-standard","5":"has-post-thumbnail","7":"category-lyon","8":"tag-6-nations","9":"tag-actu","10":"tag-actualites","11":"tag-auvergne-rhone-alpes","12":"tag-calendrier","13":"tag-challenge-europeen","14":"tag-classement","15":"tag-clermont","16":"tag-coupe-deurope","17":"tag-coupe-du-monde","18":"tag-direct","19":"tag-eu","20":"tag-europe","21":"tag-fr","22":"tag-france","23":"tag-lyon","24":"tag-match","25":"tag-news","26":"tag-pro-d2","27":"tag-racing","28":"tag-racing-92","29":"tag-republique-francaise","30":"tag-resultats","31":"tag-rugby","32":"tag-score","33":"tag-six-nations","34":"tag-top-14","35":"tag-toulon","36":"tag-toulouse","37":"tag-xv-de-france"},"share_on_mastodon":{"url":"https:\/\/pubeurope.com\/@fr\/114449791230421333","error":""},"_links":{"self":[{"href":"https:\/\/www.europesays.com\/fr\/wp-json\/wp\/v2\/posts\/74317","targetHints":{"allow":["GET"]}}],"collection":[{"href":"https:\/\/www.europesays.com\/fr\/wp-json\/wp\/v2\/posts"}],"about":[{"href":"https:\/\/www.europesays.com\/fr\/wp-json\/wp\/v2\/types\/post"}],"author":[{"embeddable":true,"href":"https:\/\/www.europesays.com\/fr\/wp-json\/wp\/v2\/users\/2"}],"replies":[{"embeddable":true,"href":"https:\/\/www.europesays.com\/fr\/wp-json\/wp\/v2\/comments?post=74317"}],"version-history":[{"count":0,"href":"https:\/\/www.europesays.com\/fr\/wp-json\/wp\/v2\/posts\/74317\/revisions"}],"wp:featuredmedia":[{"embeddable":true,"href":"https:\/\/www.europesays.com\/fr\/wp-json\/wp\/v2\/media\/74318"}],"wp:attachment":[{"href":"https:\/\/www.europesays.com\/fr\/wp-json\/wp\/v2\/media?parent=74317"}],"wp:term":[{"taxonomy":"category","embeddable":true,"href":"https:\/\/www.europesays.com\/fr\/wp-json\/wp\/v2\/categories?post=74317"},{"taxonomy":"post_tag","embeddable":true,"href":"https:\/\/www.europesays.com\/fr\/wp-json\/wp\/v2\/tags?post=74317"}],"curies":[{"name":"wp","href":"https:\/\/api.w.org\/{rel}","templated":true}]}}