{"id":74329,"date":"2025-05-04T13:32:15","date_gmt":"2025-05-04T13:32:15","guid":{"rendered":"https:\/\/www.europesays.com\/fr\/74329\/"},"modified":"2025-05-04T13:32:15","modified_gmt":"2025-05-04T13:32:15","slug":"le-chef-du-parti-en-russie-au-kazakhstan-en-azerbaidjan-et-en-bielorussie-pour-renforcer-les-liens-globaux","status":"publish","type":"post","link":"https:\/\/www.europesays.com\/fr\/74329\/","title":{"rendered":"Le chef du Parti en Russie, au Kazakhstan, en Azerba\u00efdjan et en Bi\u00e9lorussie pour renforcer les liens globaux"},"content":{"rendered":"<p>&#13;<br \/>\n                        Le chef du Parti en Russie, au Kazakhstan, en Azerba\u00efdjan et en Bi\u00e9lorussie pour renforcer les liens globaux&#13;\n                    <\/p>\n<p style=\"text-align:\">Les visites du secr\u00e9taire g\u00e9n\u00e9ral du Comit\u00e9 central du Parti communiste du Vietnam (PCV), T\u00f4 L\u00e2m, au Kazakhstan, en Azerba\u00efdjan, en Russie et en Bi\u00e9lorussie, du 5 au 12 mai, contribueront \u00e0 maintenir et \u00e0 promouvoir la coop\u00e9ration globale entre le Vietnam et ces quatre pays dans le nouveau contexte, a d\u00e9clar\u00e9 la vice-ministre des Affaires \u00e9trang\u00e8res, L\u00ea Thi Thu Hang.<\/p>\n<p><a href=\"https:\/\/lecourrier.vn\/le-secretaire-general-du-parti-en-tournee-dans-quatre-pays\/1282302.html\" title=\"Le secr\u00e9taire g\u00e9n\u00e9ral du Parti en tourn\u00e9e dans quatre pays\" target=\"_blank\" rel=\"noopener\">&gt;&gt; Le secr\u00e9taire g\u00e9n\u00e9ral du Parti en tourn\u00e9e dans quatre pays<\/a><\/p>\n<p><a href=\"https:\/\/lecourrier.vn\/visite-historique-de-to-lam-au-kazakhstan-vers-un-partenariat-plus-approfondi\/1282345.html\" title=\"Visite historique de T\u00f4 L\u00e2m au Kazakhstan : vers un partenariat plus approfondi\" target=\"_blank\" rel=\"noopener\">&gt;&gt; Visite historique de T\u00f4 L\u00e2m au Kazakhstan : vers un partenariat plus approfondi<\/a><\/p>\n<p><a href=\"https:\/\/lecourrier.vn\/vietnam-et-kazakhstan-devant-le-nouveau-chemin-de-decollage\/1282351.html\" title=\"Vietnam et Kazakhstan devant le nouveau &quot;&lt;i&gt;chemin de d\u00e9collage&lt;\/i&gt;&quot;\" target=\"_blank\" rel=\"noopener\">&gt;&gt; Vietnam et Kazakhstan devant le nouveau \u00ab\u00a0chemin de d\u00e9collage\u00a0\u00bb<\/a><\/p>\n<tr>\n<td class=\"pic\"><img decoding=\"async\" class=\"lazyload\" src=\"https:\/\/www.europesays.com\/fr\/wp-content\/uploads\/2025\/05\/171450-to-lam-1.jpg\" alt=\"\"\/><\/td>\n<\/tr>\n<tr>\n<td class=\"caption\">Le secr\u00e9taire g\u00e9n\u00e9ral du Comit\u00e9 central du Parti communiste du Vietnam (PCV), T\u00f4 L\u00e2m.\u00a0<\/td>\n<\/tr>\n<tr align=\"right\">\n<td class=\"author\">Photo : VNA\/CVN<\/td>\n<\/tr>\n<p style=\"text-align:left\">Le chef du PCV effectuera des visites d\u2019\u00c9tat au Kazakhstan et en Azerba\u00efdjan, une visite officielle en Russie o\u00f9 il assistera \u00e0 une c\u00e9r\u00e9monie marquant le 80e anniversaire de la Victoire de la Grande Guerre patriotique, puis une visite d\u2019\u00c9tat en Bi\u00e9lorussie.<\/p>\n<p style=\"text-align:left\">L\u00ea Thi Thu Hang a d\u00e9clar\u00e9 que ces visites rev\u00eatent une importance particuli\u00e8re, car elles font suite aux c\u00e9l\u00e9brations du 50e anniversaire de la lib\u00e9ration du Sud et de la r\u00e9unification nationale, et s\u2019inscrivent dans un contexte o\u00f9 le pays entre dans une nouvelle \u00e8re, celle de l\u2019essor, du d\u00e9veloppement et de la prosp\u00e9rit\u00e9 de la nation.<\/p>\n<p style=\"text-align:left\">Elles visent \u00e0 intensifier le partenariat strat\u00e9gique global avec la Russie, ainsi que l\u2019amiti\u00e9 traditionnelle et la coop\u00e9ration multiforme avec la Bi\u00e9lorussie, l\u2019Azerba\u00efdjan et le Kazakhstan.<\/p>\n<p style=\"text-align:left\">La responsable a d\u00e9crit ces visites comme des \u00e9tapes importantes suppl\u00e9mentaires dans la mise en \u0153uvre de la politique \u00e9trang\u00e8re d\u2019ind\u00e9pendance, d\u2019autonomie, de multilat\u00e9ralisation et de diversification des relations ext\u00e9rieures, ainsi que dans une int\u00e9gration proactive, active, globale et efficace au monde.<\/p>\n<p style=\"text-align:left\"><b>Identifier de nouvelles orientations\u00a0de coop\u00e9ration\u00a0<\/b><\/p>\n<p style=\"text-align:left\">La tourn\u00e9e en Russie et dans les trois autres pays, qui faisaient autrefois partie de l\u2019Union sovi\u00e9tique, notamment les pays d\u2019Asie centrale et du Caucase, et qui ont soutenu le Vietnam dans ses luttes pass\u00e9es pour la sauvegarde de la nation, ainsi que dans sa cause actuelle de la construction et de la d\u00e9fense nationales, constitue une occasion d\u2019affirmer la sinc\u00e9rit\u00e9 et la loyaut\u00e9 des liens du Vietnam avec la Russie, ainsi que sa volont\u00e9 de promouvoir une coop\u00e9ration \u00e0 long terme, efficace, substantielle et mutuellement b\u00e9n\u00e9fique.<\/p>\n<tr>\n<td class=\"pic\"><img decoding=\"async\" class=\"lazyload\" src=\"https:\/\/www.europesays.com\/fr\/wp-content\/uploads\/2025\/05\/171756-to-lam-2.jpg\" alt=\"\"\/><\/td>\n<\/tr>\n<tr>\n<td class=\"caption\">Le pr\u00e9sident de l\u2019\u00e9poque T\u00f4 L\u00e2m (droite) et le pr\u00e9sident russe Vladimir Poutine,\u00a0le 20 juin 2024 \u00e0 Hano\u00ef.\u00a0\u00a0<\/td>\n<\/tr>\n<tr align=\"right\">\n<td class=\"author\">Photo : VNA\/CVN\u00a0<\/td>\n<\/tr>\n<p style=\"text-align:left\">Pour la Russie, selon la vice-ministre, il s\u2019agit de la premi\u00e8re visite officielle en Russie depuis l\u2019\u00e9lection du dirigeant T\u00f4 L\u00e2m au poste de secr\u00e9taire g\u00e9n\u00e9rale du Comit\u00e9 central du PCV. Elle s\u2019inscrit dans un contexte particuli\u00e8rement significatif, alors que les deux pays c\u00e9l\u00e8brent le 75e anniversaire de leurs relations diplomatiques et c\u00e9l\u00e8brent chacun leurs propres \u00e9tapes historiques importantes.<\/p>\n<p style=\"text-align:left\">Cette visite vise \u00e0 renforcer la confiance politique, \u00e0 identifier de nouvelles orientations pour porter l\u2019amiti\u00e9 traditionnelle et le partenariat strat\u00e9gique global avec la Russie \u00e0 un niveau sup\u00e9rieur, ainsi qu\u2019\u00e0 consolider la collaboration entre le PCV et les principaux partis politiques russes.<\/p>\n<p style=\"text-align:left\">Par ailleurs, la visite officielle du secr\u00e9taire g\u00e9n\u00e9ral T\u00f4 L\u00e2m et sa participation \u00e0 la c\u00e9r\u00e9monie marquant le 80e anniversaire de la Victoire de la Grande Guerre patriotique t\u00e9moignent du respect et de l\u2019honneur du Vietnam pour les contributions et les sacrifices consid\u00e9rables consentis par l\u2019ex-Union sovi\u00e9tique et la Russie actuelle dans la grande victoire contre le fascisme et pour le maintien d\u2019une paix mondiale solide, a d\u00e9clar\u00e9 L\u00ea Thi Thu Hang.<\/p>\n<p style=\"text-align:left\">Pour le Kazakhstan, l\u2019Azerba\u00efdjan et la Bi\u00e9lorussie, a-t-elle poursuivi, il s\u2019agit des premi\u00e8res visites d\u2019\u00c9tat du leader du PCV dans ces pays. Ces visites visent non seulement \u00e0 consolider et \u00e0 renforcer la confiance politique, mais aussi \u00e0 exprimer la d\u00e9termination du Vietnam \u00e0 consolider sans cesse son amiti\u00e9 traditionnelle avec les pays de l\u2019ex-Union sovi\u00e9tique.<\/p>\n<p style=\"text-align:left\">Ces visites contribueront \u00e9galement \u00e0 promouvoir la coop\u00e9ration entre le PCV et les principaux partis politiques des trois pays, tout en renfor\u00e7ant les \u00e9changes interpersonnels et en affirmant les sentiments positifs constants du peuple vietnamien envers les peuples de la Russie, du Kazakhstan, de l\u2019Azerba\u00efdjan et de la Bi\u00e9lorussie.<\/p>\n<p style=\"text-align:left\">Selon la responsable, ces visites constitueront la preuve la plus \u00e9clatante de la sinc\u00e9rit\u00e9 et de la fid\u00e9lit\u00e9 du Parti, du gouvernement et du peuple vietnamiens envers ces pays, visant \u00e0 \u00e9tablir des relations bilat\u00e9rales plus durables, plus efficaces, plus substantielles et plus mutuellement b\u00e9n\u00e9fiques, \u00e0 la hauteur du potentiel de coop\u00e9ration, de la confiance politique et des aspirations des peuples vietnamien et de ces nations.<\/p>\n<p style=\"text-align:left\">Dans les prochains jours, le secr\u00e9taire g\u00e9n\u00e9rale T\u00f4 L\u00e2m aura d\u2019importantes r\u00e9unions avec les hauts dirigeants de ces pays pour fa\u00e7onner les relations dans les temps \u00e0 venir, cr\u00e9ant ainsi un nouvel \u00e9lan pour la coop\u00e9ration dans divers domaines, en particulier les domaines nouveaux et potentiels tels que l\u2019\u00e9conomie, le commerce, l\u2019investissement, la science fondamentale, l\u2019\u00e9nergie, la haute technologie et l\u2019intelligence artificielle (IA).<\/p>\n<p style=\"text-align:left\"><b>Diffuser et renforcer l\u2019image d\u2019un Vietnam\u00a0responsable<\/b><\/p>\n<tr>\n<td class=\"pic\"><img decoding=\"async\" class=\"lazyload\" src=\"https:\/\/www.europesays.com\/fr\/wp-content\/uploads\/2025\/05\/171826-to-lam.jpg\" alt=\"\"\/><\/td>\n<\/tr>\n<tr>\n<td class=\"caption\">Le pr\u00e9sident de l\u2019\u00e9poque T\u00f4 L\u00e2m (assis, \u00e0 droite) et le pr\u00e9sident russe Vladimir Poutine supervisent l&rsquo;\u00e9change de documents sign\u00e9s entre les deux pays \u00e0 l\u2019issue de leur entretien, \u00e0 Hano\u00ef, le 20 juin 2024.\u00a0<\/td>\n<\/tr>\n<tr align=\"right\">\n<td class=\"author\">Photo : VNA\/CVN<\/td>\n<\/tr>\n<p style=\"text-align:left\">L\u00ea Thi Thu Hang s\u2019est dit convaincue que ces visites seront un grand succ\u00e8s, laissant des impressions m\u00e9morables dans le c\u0153ur des amis russes, kazakhstanais, azerba\u00efdjanais et bi\u00e9lorusses et de la communaut\u00e9 internationale, tout en continuant \u00e0 diffuser et \u00e0 renforcer l\u2019image d\u2019un Vietnam fid\u00e8le et affectueux envers ses amis traditionnels, et pleinement responsable envers la communaut\u00e9 internationale. Ces voyages cr\u00e9eront des forces motrices plus importantes pour faire entrer le pays dans une nouvelle \u00e8re et r\u00e9aliser les objectifs de d\u00e9veloppement fix\u00e9s, contribuant ainsi activement \u00e0 la paix, \u00e0 la stabilit\u00e9, \u00e0 la coop\u00e9ration et au d\u00e9veloppement dans la r\u00e9gion et dans le monde.<\/p>\n<p style=\"text-align:left\">Concernant la victoire du peuple sovi\u00e9tique dans la Grande Guerre patriotique, la vice-ministre a affirm\u00e9 que ce triomphe avait \u00e9t\u00e9 une grande source d\u2019encouragement et de motivation, ainsi qu\u2019une condition pr\u00e9alable importante pour que le peuple vietnamien, sous la direction du PCV et du pr\u00e9sident H\u00f4 Chi Minh, se dresse et lance un soul\u00e8vement g\u00e9n\u00e9ral pour prendre le pouvoir.<\/p>\n<p style=\"text-align:left\">La R\u00e9volution d\u2019ao\u00fbt 1945 a \u00e9clat\u00e9 dans un contexte d\u2019 \u00ab\u00a0opportunit\u00e9 m\u00fbre\u00a0\u00bb : l\u2019effondrement du syst\u00e8me fasciste, notamment la capitulation du Japon face \u00e0 l\u2019Union sovi\u00e9tique et aux Alli\u00e9s, et la fin de la guerre en Europe. Le 2 septembre 1945, sur la place historique Ba Dinh, le pr\u00e9sident H\u00f4 Chi Minh lut la D\u00e9claration d\u2019ind\u00e9pendance proclamant la naissance de la R\u00e9publique d\u00e9mocratique du Vietnam, aujourd\u2019hui R\u00e9publique socialiste du Vietnam, annon\u00e7ant une \u00e8re de libert\u00e9, d\u2019ind\u00e9pendance nationale et de socialisme pour le pays.<\/p>\n<p style=\"text-align:left\">La victoire du peuple vietnamien a \u00e9galement largement contribu\u00e9 \u00e0 la lutte des peuples du monde entier contre le fascisme pour la paix, la d\u00e9mocratie et le progr\u00e8s social. De plus, dans cette lutte, des soldats volontaires vietnamiens ont particip\u00e9 directement \u00e0 la bataille pour la d\u00e9fense de Moscou en 1941. De nombreux soldats vietnamiens ont sacrifi\u00e9 leur vie sur la terre sovi\u00e9tique h\u00e9ro\u00efque.<\/p>\n<p style=\"text-align:left\">La victoire de l\u2019Arm\u00e9e rouge de l\u2019Union sovi\u00e9tique et des forces progressistes et pacifistes du monde entier a cr\u00e9\u00e9 un monument \u00e9clatant d\u2019h\u00e9ro\u00efsme pour l\u2019humanit\u00e9, qui sera \u00e0 jamais honor\u00e9, car il constitue le fondement solide sur lequel repose aujourd\u2019hui un monde d\u00e9velopp\u00e9 et durable, a-t-elle conclu.\u00a0<\/p>\n<p style=\"text-align:right\"><b> VNA\/CVN<\/b><\/p>\n","protected":false},"excerpt":{"rendered":"&#13; Le chef du Parti en Russie, au Kazakhstan, en Azerba\u00efdjan et en Bi\u00e9lorussie pour renforcer les liens&hellip;\n","protected":false},"author":2,"featured_media":74330,"comment_status":"","ping_status":"","sticky":false,"template":"","format":"standard","meta":{"footnotes":""},"categories":[1591],"tags":[11,15149,17059,1887,4955,6079,17873,12,13695,17872,1885,1886,132],"class_list":{"0":"post-74329","1":"post","2":"type-post","3":"status-publish","4":"format-standard","5":"has-post-thumbnail","7":"category-russie","8":"tag-actualites","9":"tag-azerbaidjan","10":"tag-bielorussie","11":"tag-federation-de-russie","12":"tag-kazakhstan","13":"tag-leader","14":"tag-liens-globaux","15":"tag-news","16":"tag-parti","17":"tag-renforcer","18":"tag-russia","19":"tag-russian-federation","20":"tag-russie"},"share_on_mastodon":{"url":"https:\/\/pubeurope.com\/@fr\/114449818826585559","error":""},"_links":{"self":[{"href":"https:\/\/www.europesays.com\/fr\/wp-json\/wp\/v2\/posts\/74329","targetHints":{"allow":["GET"]}}],"collection":[{"href":"https:\/\/www.europesays.com\/fr\/wp-json\/wp\/v2\/posts"}],"about":[{"href":"https:\/\/www.europesays.com\/fr\/wp-json\/wp\/v2\/types\/post"}],"author":[{"embeddable":true,"href":"https:\/\/www.europesays.com\/fr\/wp-json\/wp\/v2\/users\/2"}],"replies":[{"embeddable":true,"href":"https:\/\/www.europesays.com\/fr\/wp-json\/wp\/v2\/comments?post=74329"}],"version-history":[{"count":0,"href":"https:\/\/www.europesays.com\/fr\/wp-json\/wp\/v2\/posts\/74329\/revisions"}],"wp:featuredmedia":[{"embeddable":true,"href":"https:\/\/www.europesays.com\/fr\/wp-json\/wp\/v2\/media\/74330"}],"wp:attachment":[{"href":"https:\/\/www.europesays.com\/fr\/wp-json\/wp\/v2\/media?parent=74329"}],"wp:term":[{"taxonomy":"category","embeddable":true,"href":"https:\/\/www.europesays.com\/fr\/wp-json\/wp\/v2\/categories?post=74329"},{"taxonomy":"post_tag","embeddable":true,"href":"https:\/\/www.europesays.com\/fr\/wp-json\/wp\/v2\/tags?post=74329"}],"curies":[{"name":"wp","href":"https:\/\/api.w.org\/{rel}","templated":true}]}}