{"id":74335,"date":"2025-05-04T13:35:07","date_gmt":"2025-05-04T13:35:07","guid":{"rendered":"https:\/\/www.europesays.com\/fr\/74335\/"},"modified":"2025-05-04T13:35:07","modified_gmt":"2025-05-04T13:35:07","slug":"vous-risquez-une-amende-de-plusieurs-milliers-deuros","status":"publish","type":"post","link":"https:\/\/www.europesays.com\/fr\/74335\/","title":{"rendered":"vous risquez une amende de plusieurs milliers d&rsquo;euros"},"content":{"rendered":"<p>            Par<br \/>\n        <strong><br \/>\n            <a href=\"https:\/\/actu.fr\/auteur\/redaction-actu\" title=\"Consulter tous les articles de R\u00e9daction Actu\" rel=\"nofollow noopener\" target=\"_blank\">R\u00e9daction Actu<\/a><br \/>\n        <\/strong><\/p>\n<p>        Publi\u00e9 le<\/p>\n<p>            4 mai 2025 \u00e0 15h08        <\/p>\n<p>Il faut faire (tr\u00e8s) attention si vous avez pr\u00e9vu de vous rendre en Angleterre, \u00c9cosse, Irlande du Nord ou au Pays de Galles.<\/p>\n<p class=\" wall-content\">En effet, depuis le 12\u00a0avril 2025, il est<strong> interdit de transporter certaines denr\u00e9es<\/strong> \u00ab\u2009en vue d\u2019une consommation personnelle, qu\u2019elles soient emball\u00e9es, conditionn\u00e9es sous vide ou achet\u00e9es en zone d\u00e9tax\u00e9e\u2009\u00bb, note le site\u00a0<a href=\"https:\/\/www.service-public.fr\/particuliers\/actualites\/A18229\" rel=\"nofollow noopener\" target=\"_blank\">Service Public.<\/a><\/p>\n<p class=\" wall-content\">Cette interdiction est valable pour toutes les personnes en provenance de l\u2019Union europ\u00e9enne (donc la France).<\/p>\n<p>Quels produits sont concern\u00e9s\u2009?<\/p>\n<p class=\" wall-content\"><strong>Fromage, charcuterie, viande crue<\/strong> (bovins, ovins, porcins, ch\u00e8vres, moutons), et <strong>produits laitiers<\/strong> sont concern\u00e9s par cette mesure prise par le gouvernement britannique.<\/p>\n<p class=\" wall-content\">De fait,<strong> les sandwichs compos\u00e9s tr\u00e8s souvent de fromage et\/ou de viande<\/strong> sont aussi interdits.<\/p>\n<p>Vid\u00e9os : en ce moment sur Actu<\/p>\n<p class=\" wall-content\">Cette interdiction doit permettre de prot\u00e9ger la fili\u00e8re agricole alors que les cas de fi\u00e8vre aphteuse ont augment\u00e9 en Europe ces derniers mois.<\/p>\n<blockquote class=\"ac-article-quote wall-content\">\n<p>Nous renfor\u00e7ons encore les protections en introduisant des restrictions sur les importations personnelles de viande et de produits laitiers afin de pr\u00e9venir la propagation de la maladie et de prot\u00e9ger la s\u00e9curit\u00e9 alimentaire de la Grande-Bretagne.<\/p>\n<p>    <strong>Daniel Zeichner<\/strong><br \/>\n        Ministre de l&rsquo;Agriculture     <\/p><\/blockquote>\n<p>Attention \u00e0 l\u2019amende<\/p>\n<p class=\" wall-content\">Des restrictions similaires avaient d\u00e9j\u00e0 \u00e9t\u00e9 prises d\u00e9but 2025 sur \u00ab\u2009l\u2019importation personnelle de viande et de produits laitiers en provenance d\u2019Allemagne, de Hongrie, de Slovaquie et d\u2019Autriche\u2009\u00bb, pointe Service Public.<\/p>\n<p class=\" wall-content\">Alors si vous comptez vous rendre en Angleterre ou dans l\u2019un des pays du <a href=\"https:\/\/actu.fr\/societe\/entrer-au-royaume-uni-est-desormais-payant-voici-le-montant-qu-il-faut-debourser_62437480.html\" rel=\"nofollow noopener\" target=\"_blank\">Royaume de Charles III<\/a>, il faudra remettre ce type de denr\u00e9es \u00e0 la douane.<\/p>\n<p class=\" wall-content\">Autrement, vous encourez une amende, qui peut s\u2019\u00e9lever jusqu\u2019\u00e0 5\u2009000\u00a0livres sterling (<strong>environ 5\u2009900 euros<\/strong>) dans les cas les plus graves.<\/p>\n<p class=\" wall-content\">N\u00e9anmoins, <strong>quelques exceptions sont pr\u00e9vues par la l\u00e9gislation<\/strong>, \u00ab\u2009pour le lait destin\u00e9 aux nourrissons et les produits \u00e0 usage m\u00e9dical. Le chocolat, les confiseries, le pain, les g\u00e2teaux et les p\u00e2tes restent autoris\u00e9s\u2009\u00bb. Toutes les restrictions sont list\u00e9es sur le site du <a href=\"https:\/\/www.gov.uk\/guidance\/imports-and-exports-of-animals-and-animal-products-topical-issues#foot-and-mouth-disease-fmd\" rel=\"nofollow noopener\" target=\"_blank\">gouvernement britannique.<\/a><\/p>\n<p class=\" wall-content\">Suivez toute l\u2019actualit\u00e9 de vos villes et m\u00e9dias favoris en vous inscrivant \u00e0 <a href=\"https:\/\/moncompte.actu.fr\" title=\"D\u00e9couvez Mon Actu\" rel=\"nofollow noopener\" data-trk=\"{&quot;cta&quot;:{&quot;action&quot;:&quot;https:\\\/\\\/moncompte.actu.fr&quot;,&quot;category&quot;:&quot;mon compte&quot;,&quot;from&quot;:&quot;article footer&quot;,&quot;name&quot;:&quot;Mon actu&quot;,&quot;type&quot;:&quot;cta&quot;}}\" target=\"_blank\">Mon Actu<\/a>.<\/p>\n","protected":false},"excerpt":{"rendered":"Par R\u00e9daction Actu Publi\u00e9 le 4 mai 2025 \u00e0 15h08 Il faut faire (tr\u00e8s) attention si vous avez&hellip;\n","protected":false},"author":2,"featured_media":74336,"comment_status":"","ping_status":"","sticky":false,"template":"","format":"standard","meta":{"footnotes":""},"categories":[1588],"tags":[11,327,1777,674,12,473,1853,104,1851,1850,1852],"class_list":{"0":"post-74335","1":"post","2":"type-post","3":"status-publish","4":"format-standard","5":"has-post-thumbnail","7":"category-royaume-uni","8":"tag-actualites","9":"tag-agriculture","10":"tag-eu","11":"tag-europe","12":"tag-news","13":"tag-royaume-uni","14":"tag-royaume-uni-de-grande-bretagne-et-dirlande-du-nord","15":"tag-societe","16":"tag-uk","17":"tag-united-kingdom","18":"tag-united-kingdom-of-great-britain-and-northern-ireland"},"share_on_mastodon":{"url":"https:\/\/pubeurope.com\/@fr\/114449830656177368","error":""},"_links":{"self":[{"href":"https:\/\/www.europesays.com\/fr\/wp-json\/wp\/v2\/posts\/74335","targetHints":{"allow":["GET"]}}],"collection":[{"href":"https:\/\/www.europesays.com\/fr\/wp-json\/wp\/v2\/posts"}],"about":[{"href":"https:\/\/www.europesays.com\/fr\/wp-json\/wp\/v2\/types\/post"}],"author":[{"embeddable":true,"href":"https:\/\/www.europesays.com\/fr\/wp-json\/wp\/v2\/users\/2"}],"replies":[{"embeddable":true,"href":"https:\/\/www.europesays.com\/fr\/wp-json\/wp\/v2\/comments?post=74335"}],"version-history":[{"count":0,"href":"https:\/\/www.europesays.com\/fr\/wp-json\/wp\/v2\/posts\/74335\/revisions"}],"wp:featuredmedia":[{"embeddable":true,"href":"https:\/\/www.europesays.com\/fr\/wp-json\/wp\/v2\/media\/74336"}],"wp:attachment":[{"href":"https:\/\/www.europesays.com\/fr\/wp-json\/wp\/v2\/media?parent=74335"}],"wp:term":[{"taxonomy":"category","embeddable":true,"href":"https:\/\/www.europesays.com\/fr\/wp-json\/wp\/v2\/categories?post=74335"},{"taxonomy":"post_tag","embeddable":true,"href":"https:\/\/www.europesays.com\/fr\/wp-json\/wp\/v2\/tags?post=74335"}],"curies":[{"name":"wp","href":"https:\/\/api.w.org\/{rel}","templated":true}]}}