{"id":74359,"date":"2025-05-04T13:50:10","date_gmt":"2025-05-04T13:50:10","guid":{"rendered":"https:\/\/www.europesays.com\/fr\/74359\/"},"modified":"2025-05-04T13:50:10","modified_gmt":"2025-05-04T13:50:10","slug":"psg-lizarazu-defend-le-club-maxifoot","status":"publish","type":"post","link":"https:\/\/www.europesays.com\/fr\/74359\/","title":{"rendered":"PSG : Lizarazu d\u00e9fend le club &#8211; Maxifoot"},"content":{"rendered":"<ol>\n<li><a href=\"https:\/\/news.google.com\/rss\/articles\/CBMidkFVX3lxTFA3amo2Q2hOVFUwNFJ5TTR2aXc1LUN1OXpJQm0zb1c4c2lMMGEzV05BeG9TbEZJRDMzRExOVWtqdnpaY0RCYTBRQ1NTSVhpYno2QlEwQVN6dGlQOXdTbi1Fd1VTQUhPVHhtaGlZTFo3MjZNbTBQTXc?oc=5\" target=\"_blank\" rel=\"noopener\">PSG : Lizarazu d\u00e9fend le club<\/a>&nbsp;&nbsp;Maxifoot<\/li>\n<li><a href=\"https:\/\/news.google.com\/rss\/articles\/CBMiowJBVV95cUxNVWk5WnZmRm5uVzZqTGZJRjNUd2E4OVhlbl9KWTFZSGFVLXJwdURIdTVNVWthb05XendYZ29tbEJJQ04tUVZzbzlsSnVkMkpoeXlad1NPaTBKRE4xMEtvdlpFZ0ZDZktjaUM1UWdUUkhfdzliZ05XMjNDY2pET1VnV1ZvNlRzR0w4eG5zbXNfakhVemNseVY2cVowRmlyQUh2dDNhZTd0TnBLTFo3ejQ5d1djdzNldHVrTlYzOHZ6T0czSjUtWFU3Z1ZCeFZ0RDdsT0VIYnktY2I5eEpIWGwxTkpVa1hKOUMzRkRhOWdlS0ItUGUwblRVUGh1NEt3QWV1ekRYd01FRXJZaUt4WWtMX1dmcGRWOHcxN1hvRnNGRE9tRlk?oc=5\" target=\"_blank\" rel=\"noopener\">\u00ab\u00a0Ils ont gagn\u00e9 ce droit\u00a0\u00bb: pour l&rsquo;ex-Marseillais Beno\u00eet Cheyrou, le PSG ne fausse pas le championnat en faisant tourner<\/a>&nbsp;&nbsp;RMC Sport<\/li>\n<li><a href=\"https:\/\/news.google.com\/rss\/articles\/CBMi4gFBVV95cUxOQkFteWRlNlRGdi1wVzhQN2tNaV9xNWt5dlJhWkN3QWxFdmR5YzZsNFdqZ2hmY3F5cUJlYzZMWm9QY1M3UVFzQTYwSERaWFdJVjdmNlVLWUxWZ0hMR1g3QkI5c3JJV01GTHBJTjNqaU1jRS1NQVFiQmd5dkVYV21IYmRxZVkzeHpnbUktM1gzX2pxdFh2Z1FHbkI5Nnl4dXlBcUVpUE1rN3B6UnZDMF9FNFN5RW5YeDF1bHJYNWl2YzFXWGJpVF9vWHpSMUhEWWJxM01NSzhRYWxnSEZEWVh0aEJB?oc=5\" target=\"_blank\" rel=\"noopener\">Le PSG fausse-t-il la course \u00e0 la Ligue des Champions en Ligue 1 ? La r\u00e9ponse cat\u00e9gorique de Bruno Genesio (LOSC)<\/a>&nbsp;&nbsp;Le petit Lillois<\/li>\n<li><a href=\"https:\/\/news.google.com\/rss\/articles\/CBMilgFBVV95cUxNNnpCYkdiSFNUQTI2S1hQamhWWG5ZN2Nka204MWhhQUhrbmZWWXA0WnoxMUlNNEV6ZTlCaWpXNGwwUTNqWVJwMXAyRmRIakpaOFlMdDFEQW9DdkQ0X05sSS1FeGhEcGhxeVJjUFdvcUh4VHJLQjZWSFlPc1NrWEkyOHJsWXBVcV80VzVDblN4c1V5UmpNQnc?oc=5\" target=\"_blank\" rel=\"noopener\">L&rsquo;OM accuse le PSG de truquer le championnat<\/a>&nbsp;&nbsp;Foot01<\/li>\n<li><a href=\"https:\/\/news.google.com\/rss\/articles\/CBMibEFVX3lxTE1IYWoxdFlxRG5YT2tIQnUxYlUtZFJwQ2l4OHVwNGhPVXFyOUxLQlBMb0EydEpDSHB4a1F1dEt4M1R4cFA0QzNFMnZIYmx5MVhzbHI1TGliX054X1Y0aEhiYUJhRGtrMEdSSjZRaA?oc=5\" target=\"_blank\" rel=\"noopener\">OM : Le sale coup du PSG<\/a>&nbsp;&nbsp;Le10Sport<\/li>\n<\/ol>\n","protected":false},"excerpt":{"rendered":"PSG : Lizarazu d\u00e9fend le club&nbsp;&nbsp;Maxifoot \u00ab\u00a0Ils ont gagn\u00e9 ce droit\u00a0\u00bb: pour l&rsquo;ex-Marseillais Beno\u00eet Cheyrou, le PSG ne&hellip;\n","protected":false},"author":2,"featured_media":74360,"comment_status":"","ping_status":"","sticky":false,"template":"","format":"standard","meta":{"footnotes":""},"categories":[1410],"tags":[2266,2262,2261,1981,83,2260,451,2263,462,2269,2257,63,1011,27,2265,1441,453,66,447,2267,955,2268,241,149,70,1817,93,2264,2258,2259,60,969,455],"class_list":{"0":"post-74359","1":"post","2":"type-post","3":"status-publish","4":"format-standard","5":"has-post-thumbnail","7":"category-football","8":"tag-as-monaco","9":"tag-bundesligua","10":"tag-calcio","11":"tag-classement","12":"tag-coupe-de-france","13":"tag-coupe-de-la-ligue","14":"tag-coupe-du-monde","15":"tag-equipe","16":"tag-fc-nantes","17":"tag-fifa","18":"tag-foot","19":"tag-football","20":"tag-fr","21":"tag-france","22":"tag-girondins-bordeaux","23":"tag-joueur","24":"tag-liga","25":"tag-ligue-1","26":"tag-ligue-des-champions","27":"tag-losc","28":"tag-match","29":"tag-ogc-nice","30":"tag-ol","31":"tag-om","32":"tag-premier-league","33":"tag-pronostic","34":"tag-psg","35":"tag-rc-lens","36":"tag-resultat","37":"tag-score","38":"tag-sports","39":"tag-transfert","40":"tag-uefa"},"share_on_mastodon":{"url":"https:\/\/pubeurope.com\/@fr\/114449889618196175","error":""},"_links":{"self":[{"href":"https:\/\/www.europesays.com\/fr\/wp-json\/wp\/v2\/posts\/74359","targetHints":{"allow":["GET"]}}],"collection":[{"href":"https:\/\/www.europesays.com\/fr\/wp-json\/wp\/v2\/posts"}],"about":[{"href":"https:\/\/www.europesays.com\/fr\/wp-json\/wp\/v2\/types\/post"}],"author":[{"embeddable":true,"href":"https:\/\/www.europesays.com\/fr\/wp-json\/wp\/v2\/users\/2"}],"replies":[{"embeddable":true,"href":"https:\/\/www.europesays.com\/fr\/wp-json\/wp\/v2\/comments?post=74359"}],"version-history":[{"count":0,"href":"https:\/\/www.europesays.com\/fr\/wp-json\/wp\/v2\/posts\/74359\/revisions"}],"wp:featuredmedia":[{"embeddable":true,"href":"https:\/\/www.europesays.com\/fr\/wp-json\/wp\/v2\/media\/74360"}],"wp:attachment":[{"href":"https:\/\/www.europesays.com\/fr\/wp-json\/wp\/v2\/media?parent=74359"}],"wp:term":[{"taxonomy":"category","embeddable":true,"href":"https:\/\/www.europesays.com\/fr\/wp-json\/wp\/v2\/categories?post=74359"},{"taxonomy":"post_tag","embeddable":true,"href":"https:\/\/www.europesays.com\/fr\/wp-json\/wp\/v2\/tags?post=74359"}],"curies":[{"name":"wp","href":"https:\/\/api.w.org\/{rel}","templated":true}]}}