{"id":74363,"date":"2025-05-04T13:52:30","date_gmt":"2025-05-04T13:52:30","guid":{"rendered":"https:\/\/www.europesays.com\/fr\/74363\/"},"modified":"2025-05-04T13:52:30","modified_gmt":"2025-05-04T13:52:30","slug":"le-regard-malicieux-de-thomas-nolf-sur-les-fous-de-laviation","status":"publish","type":"post","link":"https:\/\/www.europesays.com\/fr\/74363\/","title":{"rendered":"Le regard malicieux de Thomas Nolf sur les fous de l&rsquo;aviation"},"content":{"rendered":"<p><b>Incroyables<\/b><\/p>\n<p class=\"ap-StoryElement ap-StoryElement--mb ap-StoryText\">Le plus \u00e9tonnant dans cette exposition d&rsquo;une quinzaine de grands formats qui explore \u00ab\u00a0le besoin humain d&rsquo;\u00e9vasion \u00e0 travers la culture de l&rsquo;aviation\u00a0\u00bb, c&rsquo;est que d\u00e8s les premi\u00e8res images on n&rsquo;en croit pas ses yeux. Non que celles-ci soient truqu\u00e9es ou retouch\u00e9es \u2013 tout ce que l&rsquo;on voit semble bien avoir eu lieu \u2013 mais parce qu&rsquo;on a peine \u00e0 imaginer que certains de nos contemporains puissent par simple passion de l&rsquo;aviation se mettre dans des situations aussi incroyables que celles que Nolf nous montre.<\/p>\n<p class=\"ap-StoryElement ap-StoryElement--mb ap-StoryText\">Il y a par exemple, dans la toute premi\u00e8re photo du parcours, ce garage d&rsquo;une villa de quartier verdoyant dont les deux portes grandes ouvertes laissent voir l&rsquo;arri\u00e8re d&rsquo;un cockpit d&rsquo;avion qui le remplit. Manifestement, la voiture qu&rsquo;on y rangeait n&rsquo;y rentrera plus avant longtemps, son propri\u00e9taire pr\u00e9f\u00e9rant d\u00e9sormais passer son temps libre \u00e0 piloter face \u00e0 des \u00e9crans qui simulent ce que l&rsquo;on voit lors des vols long-courriers. Cela, on ne fait que le deviner, mais un simulateur de vol identique \u2013 la r\u00e9plique d&rsquo;un cockpit de Boeing \u2013 install\u00e9 dans l&rsquo;exposition, le confirme et permet m\u00eame de l&rsquo;exp\u00e9rimenter. Il a \u00e9t\u00e9 mis au point par John, 82 ans, un pr\u00eatre qu&rsquo;une image nous montre en train d&rsquo;inspecter l&rsquo;installation chez lui, avant qu&rsquo;il ne la pr\u00eate au photographe, dans ce qui semble \u00eatre sa chambre \u00e0 coucher.<\/p>\n<p><img loading=\"lazy\" decoding=\"async\" class=\"w-full lazyload lazyload--opacity object-contain\" style=\"aspect-ratio:125 \/ 100;opacity:1\" alt=\"De la s\u00e9rie As Real As It Gets de Thomas Nolf\" width=\"768\" height=\"614\" fetchpriority=\"auto\" src=\"https:\/\/www.europesays.com\/fr\/wp-content\/uploads\/2025\/04\/S5VKD3X55FFF3BW6V4SEHXNP7I.png\"  data- data-optimumx=\"1\"\/>De la s\u00e9rie As Real As It Gets de Thomas Nolf \u00a9Thomas Nolf\u00ad<b>Humour<\/b><\/p>\n<p class=\"ap-StoryElement ap-StoryElement--mb ap-StoryText\">Chez d&rsquo;autres, c&rsquo;est plut\u00f4t la cuisine qui est squatt\u00e9e par des mat\u00e9riels dont on ne comprend pas bien \u00e0 quoi ils servent si ce n&rsquo;est \u00e0 vivre leur passion au quotidien. Celle-ci peut \u00eatre moins d\u00e9monstrative, mais pas moins touchante. Comme celle de cet homme par exemple, les mains dans les poches et les yeux dans le vide, qui se contente de porter la chemise et les \u00e9paulettes des pilotes de ligne en r\u00eavant au milieu de son salon.<\/p>\n<p><a href=\"https:\/\/www.lalibre.be\/culture\/2024\/04\/02\/villes-babel-et-vertige-metaphysique-dapres-le-photographe-nick-hannes-K2RUHEFFTBH73HNOGQJJXOSR2Q\/\" target=\"_blank\" rel=\"noopener noreferrer nofollow\" class=\"ap-StoryInterstitialLink ap-StoryElement ap-StoryElement--mb\">\u00ab\u00a0New Capital\u00a0\u00bb de Nick Hannes<\/a><\/p>\n<p class=\"ap-StoryElement ap-StoryElement--mb ap-StoryText\">Ce reportage documentaire \u00e0 l&rsquo;humour qui n&rsquo;est pas sans rappeler celui de Nick Hannes qui exposait il y a tout juste un an son projet New Capital dans la m\u00eame salle, fait la part belle aux \u00ab\u00a0plane spotters\u00a0\u00bb , ces observateurs d&rsquo;avions qui passent leurs temps libres au bout des pistes \u00e0 regarder les d\u00e9collages et les atterrissages \u00e0 travers des jumelles ou des t\u00e9l\u00e9objectifs. Thomas Nolf se fait un plaisir de les croquer dans des postures les plus improbables. Certains perch\u00e9s sur leurs voitures, d&rsquo;autres coll\u00e9s aux grillages des a\u00e9roports, mais tous renseign\u00e9s sur les horaires de passage par <a href=\"http:\/\/spotterguide.net\/\" target=\"_blank\" rel=\"nofollow noopener\">spotterguide.net<\/a>, un site qui donne des conseils photographiques et d&rsquo;autres d\u00e9tails pratiques et qui indique aussi les meilleurs endroits o\u00f9 observer les avions.<\/p>\n<p><b>Consum\u00e9risme<\/b><\/p>\n<p class=\"ap-StoryElement ap-StoryElement--mb ap-StoryText\">Parmi ceux-ci, quelques-uns sont aux antipodes, notamment \u00e0 Sint Maarten, partie n\u00e9erlandaise de l&rsquo;\u00eele du m\u00eame nom, dans les Antilles o\u00f9 Nolf s&rsquo;est rendu \u00e0 plusieurs reprises. Elle est mondialement connue par sa plage (Maho Beach) pour \u00eatre survol\u00e9e \u00e0 tr\u00e8s faible hauteur par les avions qui atterrissent tout \u00e0 c\u00f4t\u00e9 sur la tr\u00e8s courte piste de l&rsquo;a\u00e9roport Princess Juliana. Cela nous vaut les clich\u00e9s les plus \u00e9tonnants de ce travail. Des tableaux de la vie moderne qui nous poussent \u00e0 nous interroger sur la soci\u00e9t\u00e9 des loisirs et son consum\u00e9risme exacerb\u00e9, surtout insens\u00e9, qui pousse des foules \u00e0 traverser la plan\u00e8te en avion pour aller voir ces m\u00eames avions leur passer au-dessus durant leur s\u00e9jour.<\/p>\n<p><img loading=\"lazy\" decoding=\"async\" class=\"w-full lazyload lazyload--opacity object-contain\" style=\"aspect-ratio:125 \/ 100;opacity:1\" alt=\"Miniatur Wunderland, Hambourg\" width=\"768\" height=\"614\" fetchpriority=\"auto\" src=\"https:\/\/www.europesays.com\/fr\/wp-content\/uploads\/2025\/04\/S5VKD3X55FFF3BW6V4SEHXNP7I.png\"  data- data-optimumx=\"1\"\/>Miniatur Wunderland, Hambourg \u00a9Thomas Nolf<\/p>\n<p class=\"ap-StoryElement ap-StoryElement--mb ap-StoryText\"><b>As Real As It Gets <\/b>de Thomas Nolf<b> <\/b><b>Quoi <\/b>Photographie <b>O\u00f9 <\/b>Be-Part Waregem, Gemeenteplein, 12, 8790 Waregem <b>Quand<\/b> Jusqu&rsquo;au 18 mai, du jeudi au samedi de 14h \u00e0 17h30 et le dimanche de 11h \u00e0 17h30. Rens. : <a href=\"http:\/\/www.be-part.be\/\" rel=\"nofollow noopener\" target=\"_blank\">www.be-part.be<\/a><\/p>\n","protected":false},"excerpt":{"rendered":"Incroyables Le plus \u00e9tonnant dans cette exposition d&rsquo;une quinzaine de grands formats qui explore \u00ab\u00a0le besoin humain d&rsquo;\u00e9vasion&hellip;\n","protected":false},"author":2,"featured_media":74364,"comment_status":"","ping_status":"","sticky":false,"template":"","format":"standard","meta":{"footnotes":""},"categories":[1358],"tags":[1348,1384,1385,1386,58,59,1011,27,1227,4932],"class_list":{"0":"post-74363","1":"post","2":"type-post","3":"status-publish","4":"format-standard","5":"has-post-thumbnail","7":"category-arts-et-design","8":"tag-arts","9":"tag-arts-and-design","10":"tag-arts-et-design","11":"tag-design","12":"tag-divertissement","13":"tag-entertainment","14":"tag-fr","15":"tag-france","16":"tag-horizontal","17":"tag-war"},"share_on_mastodon":{"url":"https:\/\/pubeurope.com\/@fr\/114449897722152882","error":""},"_links":{"self":[{"href":"https:\/\/www.europesays.com\/fr\/wp-json\/wp\/v2\/posts\/74363","targetHints":{"allow":["GET"]}}],"collection":[{"href":"https:\/\/www.europesays.com\/fr\/wp-json\/wp\/v2\/posts"}],"about":[{"href":"https:\/\/www.europesays.com\/fr\/wp-json\/wp\/v2\/types\/post"}],"author":[{"embeddable":true,"href":"https:\/\/www.europesays.com\/fr\/wp-json\/wp\/v2\/users\/2"}],"replies":[{"embeddable":true,"href":"https:\/\/www.europesays.com\/fr\/wp-json\/wp\/v2\/comments?post=74363"}],"version-history":[{"count":0,"href":"https:\/\/www.europesays.com\/fr\/wp-json\/wp\/v2\/posts\/74363\/revisions"}],"wp:featuredmedia":[{"embeddable":true,"href":"https:\/\/www.europesays.com\/fr\/wp-json\/wp\/v2\/media\/74364"}],"wp:attachment":[{"href":"https:\/\/www.europesays.com\/fr\/wp-json\/wp\/v2\/media?parent=74363"}],"wp:term":[{"taxonomy":"category","embeddable":true,"href":"https:\/\/www.europesays.com\/fr\/wp-json\/wp\/v2\/categories?post=74363"},{"taxonomy":"post_tag","embeddable":true,"href":"https:\/\/www.europesays.com\/fr\/wp-json\/wp\/v2\/tags?post=74363"}],"curies":[{"name":"wp","href":"https:\/\/api.w.org\/{rel}","templated":true}]}}