{"id":74375,"date":"2025-05-04T13:58:08","date_gmt":"2025-05-04T13:58:08","guid":{"rendered":"https:\/\/www.europesays.com\/fr\/74375\/"},"modified":"2025-05-04T13:58:08","modified_gmt":"2025-05-04T13:58:08","slug":"frappe-magnifique-en-lucarne-puis-tir-croise-le-double-de-kylian-mbappe-en-video","status":"publish","type":"post","link":"https:\/\/www.europesays.com\/fr\/74375\/","title":{"rendered":"frappe magnifique en lucarne puis tir crois\u00e9, le doubl\u00e9 de Kylian Mbapp\u00e9 en vid\u00e9o"},"content":{"rendered":"<p>L\u2019attaquant fran\u00e7ais s\u2019est offert le doubl\u00e9 face au Celta Vigo \u00e0 Santiago Bernabeu. Son compteur monte \u00e0 36 buts cette saison avec le club madril\u00e8ne.<\/p>\n<p class=\"fig-paragraph\">Condamn\u00e9 \u00e0 la victoire pour rester dans la course au titre de champion d\u2019Espagne, le Real Madrid\u00a0<a href=\"https:\/\/www.lefigaro.fr\/sports\/football\/live\/liga\/2024\/2445345\/real-madrid-celta-vigo\" data-fig-type=\"Live\" data-gtm-custom-categorie=\"navigation\" data-gtm-custom-action=\"crossclick\" data-gtm-custom-label=\"Contextuel\" data-gtm-event=\"customEventSPE\" data-fig-domain=\"LEFIGARO\" rel=\"nofollow noopener\" target=\"_blank\">a bien entam\u00e9 sa mission \u00e0 domicile<\/a>\u00a0face au Celta Vigo ce dimanche en menant 3-0 en deuxi\u00e8me p\u00e9riode. Le jeune Arda G\u00fcler a ouvert le score \u00e0 la 33e minute de jeu avant que Kylian Mbapp\u00e9 ne double la mise avant la mi-temps.<\/p>\n<p class=\"fig-paragraph\">Sur une contre-attaque, l\u2019attaquant a d\u00e9coch\u00e9 une superbe frappe alors qu\u2019il semblait d\u00e9s\u00e9quilibr\u00e9. Le ballon est all\u00e9 se nicher dans la lucarne de Vicente Guaita (2-0, 39e).<\/p>\n<p class=\"fig-paragraph\">Le festival Mbapp\u00e9 s\u2019est poursuivi en deuxi\u00e8me p\u00e9riode avec un ballon en profondeur sign\u00e9 G\u00fcler pour le champion du monde 2018 qui a ajust\u00e9 le gardien adverse d\u2019une frappe crois\u00e9e tout en ma\u00eetrise apr\u00e8s \u00eatre entr\u00e9 dans la surface. L\u2019attaquant fran\u00e7ais porte son bilan \u00e0 36 buts toutes comp\u00e9titions confondues avec le club espagnol en 52 apparitions.<\/p>\n","protected":false},"excerpt":{"rendered":"L\u2019attaquant fran\u00e7ais s\u2019est offert le doubl\u00e9 face au Celta Vigo \u00e0 Santiago Bernabeu. Son compteur monte \u00e0 36&hellip;\n","protected":false},"author":2,"featured_media":74376,"comment_status":"","ping_status":"","sticky":false,"template":"","format":"standard","meta":{"footnotes":""},"categories":[9],"tags":[15007,525,3233,1981,15006,814,123,5695,15008,2257,63,1011,27,6477,453,955,15009,4790,1980,60],"class_list":{"0":"post-74375","1":"post","2":"type-post","3":"status-publish","4":"format-standard","5":"has-post-thumbnail","7":"category-sports","8":"tag-atletico","9":"tag-calendrier","10":"tag-championnat","11":"tag-classement","12":"tag-coupe-du-roi","13":"tag-direct","14":"tag-espagne","15":"tag-fc-barcelone","16":"tag-fc-valence","17":"tag-foot","18":"tag-football","19":"tag-fr","20":"tag-france","21":"tag-kylian-mbappe","22":"tag-liga","23":"tag-match","24":"tag-messi","25":"tag-real-madrid","26":"tag-resultats","27":"tag-sports"},"share_on_mastodon":{"url":"https:\/\/pubeurope.com\/@fr\/114449921196479562","error":""},"_links":{"self":[{"href":"https:\/\/www.europesays.com\/fr\/wp-json\/wp\/v2\/posts\/74375","targetHints":{"allow":["GET"]}}],"collection":[{"href":"https:\/\/www.europesays.com\/fr\/wp-json\/wp\/v2\/posts"}],"about":[{"href":"https:\/\/www.europesays.com\/fr\/wp-json\/wp\/v2\/types\/post"}],"author":[{"embeddable":true,"href":"https:\/\/www.europesays.com\/fr\/wp-json\/wp\/v2\/users\/2"}],"replies":[{"embeddable":true,"href":"https:\/\/www.europesays.com\/fr\/wp-json\/wp\/v2\/comments?post=74375"}],"version-history":[{"count":0,"href":"https:\/\/www.europesays.com\/fr\/wp-json\/wp\/v2\/posts\/74375\/revisions"}],"wp:featuredmedia":[{"embeddable":true,"href":"https:\/\/www.europesays.com\/fr\/wp-json\/wp\/v2\/media\/74376"}],"wp:attachment":[{"href":"https:\/\/www.europesays.com\/fr\/wp-json\/wp\/v2\/media?parent=74375"}],"wp:term":[{"taxonomy":"category","embeddable":true,"href":"https:\/\/www.europesays.com\/fr\/wp-json\/wp\/v2\/categories?post=74375"},{"taxonomy":"post_tag","embeddable":true,"href":"https:\/\/www.europesays.com\/fr\/wp-json\/wp\/v2\/tags?post=74375"}],"curies":[{"name":"wp","href":"https:\/\/api.w.org\/{rel}","templated":true}]}}