{"id":74388,"date":"2025-05-04T14:06:15","date_gmt":"2025-05-04T14:06:15","guid":{"rendered":"https:\/\/www.europesays.com\/fr\/74388\/"},"modified":"2025-05-04T14:06:15","modified_gmt":"2025-05-04T14:06:15","slug":"saint-etienne-en-mode-printemps-boheme-la-brasserie-victor-rayonne-sur-les-gorges-de-la-loire","status":"publish","type":"post","link":"https:\/\/www.europesays.com\/fr\/74388\/","title":{"rendered":"Saint-\u00c9tienne. En mode printemps boh\u00e8me, la brasserie Victor rayonne sur les Gorges de la Loire"},"content":{"rendered":"<p>\u00ab On voulait un lieu vivant, sinc\u00e8re, o\u00f9 il fait bon revenir\u00a0\u00bb, confie Peggy Th\u00e9venin, la propri\u00e9taire. Et le pari semble r\u00e9ussi. Apr\u00e8s un lancement estival en fanfare, Victor a su s\u00e9duire m\u00eame en hiver gr\u00e2ce \u00e0 ses menus montagnards servis sous les bulles, install\u00e9es face aux gorges.<\/p>\n<p>Une id\u00e9e aussi conviviale que r\u00e9confortante qui a prolong\u00e9 l\u2019esprit guinguette au c\u0153ur des frimas.<\/p>\n<p>Nouvelle saison, nouvelle ambiance\u00a0!<\/p>\n<p>Avec l\u2019arriv\u00e9e des beaux jours, Victor rev\u00eat ses habits de printemps. Gr\u00e2ce \u00e0 la complicit\u00e9 de la d\u00e9coratrice Caroline de Cactus D\u00e9co, les rubans color\u00e9s virevoltent sous le chapiteau et les tons roses et orang\u00e9s \u00e9clatent sous le ciel lig\u00e9rien. \u00ab On avait envie&#8230;<\/p>\n","protected":false},"excerpt":{"rendered":"\u00ab On voulait un lieu vivant, sinc\u00e8re, o\u00f9 il fait bon revenir\u00a0\u00bb, confie Peggy Th\u00e9venin, la propri\u00e9taire. Et&hellip;\n","protected":false},"author":2,"featured_media":74389,"comment_status":"","ping_status":"","sticky":false,"template":"","format":"standard","meta":{"footnotes":""},"categories":[9653],"tags":[1111,11,2430,4406,1687,7539,1777,674,107,1011,27,3367,6016,12,25,4001,7538,10806],"class_list":{"0":"post-74388","1":"post","2":"type-post","3":"status-publish","4":"format-standard","5":"has-post-thumbnail","7":"category-saint-etienne","8":"tag-actu","9":"tag-actualites","10":"tag-auvergne-rhone-alpes","11":"tag-commerce-et-services","12":"tag-culture-loisirs","13":"tag-edition-loire-sud","14":"tag-eu","15":"tag-europe","16":"tag-fil-info","17":"tag-fr","18":"tag-france","19":"tag-loire","20":"tag-magazine-cuisine-et-vins","21":"tag-news","22":"tag-republique-francaise","23":"tag-saint-etienne","24":"tag-saint-etienne-ville","25":"tag-selection-de-la-redaction-42"},"share_on_mastodon":{"url":"https:\/\/pubeurope.com\/@fr\/114449952466378429","error":""},"_links":{"self":[{"href":"https:\/\/www.europesays.com\/fr\/wp-json\/wp\/v2\/posts\/74388","targetHints":{"allow":["GET"]}}],"collection":[{"href":"https:\/\/www.europesays.com\/fr\/wp-json\/wp\/v2\/posts"}],"about":[{"href":"https:\/\/www.europesays.com\/fr\/wp-json\/wp\/v2\/types\/post"}],"author":[{"embeddable":true,"href":"https:\/\/www.europesays.com\/fr\/wp-json\/wp\/v2\/users\/2"}],"replies":[{"embeddable":true,"href":"https:\/\/www.europesays.com\/fr\/wp-json\/wp\/v2\/comments?post=74388"}],"version-history":[{"count":0,"href":"https:\/\/www.europesays.com\/fr\/wp-json\/wp\/v2\/posts\/74388\/revisions"}],"wp:featuredmedia":[{"embeddable":true,"href":"https:\/\/www.europesays.com\/fr\/wp-json\/wp\/v2\/media\/74389"}],"wp:attachment":[{"href":"https:\/\/www.europesays.com\/fr\/wp-json\/wp\/v2\/media?parent=74388"}],"wp:term":[{"taxonomy":"category","embeddable":true,"href":"https:\/\/www.europesays.com\/fr\/wp-json\/wp\/v2\/categories?post=74388"},{"taxonomy":"post_tag","embeddable":true,"href":"https:\/\/www.europesays.com\/fr\/wp-json\/wp\/v2\/tags?post=74388"}],"curies":[{"name":"wp","href":"https:\/\/api.w.org\/{rel}","templated":true}]}}