{"id":74392,"date":"2025-05-04T14:08:17","date_gmt":"2025-05-04T14:08:17","guid":{"rendered":"https:\/\/www.europesays.com\/fr\/74392\/"},"modified":"2025-05-04T14:08:17","modified_gmt":"2025-05-04T14:08:17","slug":"proligue-nancy-arrache-le-nul-et-sa-qualification-a-sarrebourg","status":"publish","type":"post","link":"https:\/\/www.europesays.com\/fr\/74392\/","title":{"rendered":"Proligue. Nancy arrache le nul et sa qualification \u00e0 Sarrebourg"},"content":{"rendered":"<p>Sarrebourg &#8211; Nancy<\/p>\n<p>27-27<\/p>\n<p>\u00c7a y est, c\u2019est fait ! Le Nancy Handball est en \u00ab quarts \u00bb (lire par ailleurs)\u2026 En d\u00e9crochant sur le fil du rasoir le point qui manquait encore \u00e0 leur bonheur, les Bleu et or ont assur\u00e9 math\u00e9matiquement leur place en play-off, samedi soir, \u00e0 Sarrebourg, rompant du m\u00eame coup avec une tradition\u2026 d\u2019\u00e9chec en terre mosellane (*).<\/p>\n<p>Mais que ce fut p\u00e9nible ! Dans un chaudron de Courbertin chaud comme l\u2019asphalte au mois d\u2019ao\u00fbt, les Nanc\u00e9iens ont longtemps courb\u00e9 le&#8230;<\/p>\n","protected":false},"excerpt":{"rendered":"Sarrebourg &#8211; Nancy 27-27 \u00c7a y est, c\u2019est fait ! Le Nancy Handball est en \u00ab quarts \u00bb&hellip;\n","protected":false},"author":2,"featured_media":74393,"comment_status":"","ping_status":"","sticky":false,"template":"","format":"standard","meta":{"footnotes":""},"categories":[9635],"tags":[1111,11,1704,1777,674,1011,27,775,1792,1702,1703,12,25,517,1700],"class_list":{"0":"post-74392","1":"post","2":"type-post","3":"status-publish","4":"format-standard","5":"has-post-thumbnail","7":"category-nancy","8":"tag-actu","9":"tag-actualites","10":"tag-edition-nancy-et-agglomeration","11":"tag-eu","12":"tag-europe","13":"tag-fr","14":"tag-france","15":"tag-grand-est","16":"tag-handball","17":"tag-nancy","18":"tag-nancy-ville-54b","19":"tag-news","20":"tag-republique-francaise","21":"tag-sport","22":"tag-sport-lorrain"},"share_on_mastodon":{"url":"https:\/\/pubeurope.com\/@fr\/114449960372168365","error":""},"_links":{"self":[{"href":"https:\/\/www.europesays.com\/fr\/wp-json\/wp\/v2\/posts\/74392","targetHints":{"allow":["GET"]}}],"collection":[{"href":"https:\/\/www.europesays.com\/fr\/wp-json\/wp\/v2\/posts"}],"about":[{"href":"https:\/\/www.europesays.com\/fr\/wp-json\/wp\/v2\/types\/post"}],"author":[{"embeddable":true,"href":"https:\/\/www.europesays.com\/fr\/wp-json\/wp\/v2\/users\/2"}],"replies":[{"embeddable":true,"href":"https:\/\/www.europesays.com\/fr\/wp-json\/wp\/v2\/comments?post=74392"}],"version-history":[{"count":0,"href":"https:\/\/www.europesays.com\/fr\/wp-json\/wp\/v2\/posts\/74392\/revisions"}],"wp:featuredmedia":[{"embeddable":true,"href":"https:\/\/www.europesays.com\/fr\/wp-json\/wp\/v2\/media\/74393"}],"wp:attachment":[{"href":"https:\/\/www.europesays.com\/fr\/wp-json\/wp\/v2\/media?parent=74392"}],"wp:term":[{"taxonomy":"category","embeddable":true,"href":"https:\/\/www.europesays.com\/fr\/wp-json\/wp\/v2\/categories?post=74392"},{"taxonomy":"post_tag","embeddable":true,"href":"https:\/\/www.europesays.com\/fr\/wp-json\/wp\/v2\/tags?post=74392"}],"curies":[{"name":"wp","href":"https:\/\/api.w.org\/{rel}","templated":true}]}}