{"id":744423,"date":"2026-02-19T05:12:16","date_gmt":"2026-02-19T05:12:16","guid":{"rendered":"https:\/\/www.europesays.com\/fr\/744423\/"},"modified":"2026-02-19T05:12:16","modified_gmt":"2026-02-19T05:12:16","slug":"son-etat-sameliore-progressivement-selon-le-ministre-de-leducation","status":"publish","type":"post","link":"https:\/\/www.europesays.com\/fr\/744423\/","title":{"rendered":"son \u00e9tat s'\u00a0\u00bbam\u00e9liore progressivement\u00a0\u00bb, selon le ministre de l&rsquo;Education"},"content":{"rendered":"<p>\u00ab\u00a0On continue \u00e9videmment \u00e0 avoir un suivi tr\u00e8s attentif\u00a0\u00bb, a assur\u00e9 le ministre lors de la s\u00e9ance de questions au gouvernement au S\u00e9nat.  <\/p>\n<p>Le pronostic vital de cette professeure d&rsquo;arts plastiques de 60 ans agress\u00e9e le 3 f\u00e9vrier \u00e9tait toujours engag\u00e9 la semaine derni\u00e8re, indiquait le procureur de Toulon.<\/p>\n<p>Elle avait \u00e9t\u00e9 poignard\u00e9e \u00e0 quatre reprises lors d&rsquo;une pause en classe par un \u00e9l\u00e8ve de 3e \u00e2g\u00e9 de 14 ans. L&rsquo;adolescent a \u00e9t\u00e9 mis en examen et plac\u00e9 en d\u00e9tention provisoire.<\/p>\n<p>Face \u00ab\u00a0\u00e0 la mont\u00e9e des faits d&rsquo;extr\u00eame violence, pour moi il y a deux r\u00e9ponses\u00a0\u00bb, a expliqu\u00e9 M. Geffray.<\/p>\n<p>\u00ab\u00a0Celle de la fermet\u00e9 absolue\u00a0\u00bb, avec notamment des contr\u00f4les et des fouilles des sacs aux alentours des \u00e9tablissements. Il y avait \u00ab\u00a01.500 contr\u00f4les par mois jusqu&rsquo;\u00e0 pr\u00e9sent\u00a0\u00bb, qui ont \u00e9t\u00e9 \u00ab\u00a0densifi\u00e9s depuis 10 jours\u00a0\u00bb, a-t-il pr\u00e9cis\u00e9.<\/p>\n<p>\u00ab\u00a0Il faut restaurer un tabou. Ce tabou, c&rsquo;est qu&rsquo;on ne touche pas \u00e0 un personnel de l&rsquo;\u00c9ducation nationale\u00a0\u00bb, a-t-il r\u00e9p\u00e9t\u00e9. \u00ab\u00a0Ce n&rsquo;est pas n\u00e9gociable et ceux qui le font doivent \u00eatre sanctionn\u00e9s.\u00a0\u00bb<\/p>\n<p>\u00ab\u00a0L&rsquo;autre \u00e9l\u00e9ment, c&rsquo;est \u00e9videmment la jambe \u00e9ducative\u00a0\u00bb, a-t-il poursuivi. \u00ab\u00a0Il faut qu&rsquo;il y ait une action main dans la main, \u00e7a s&rsquo;appelle la co-\u00e9ducation avec les parents\u00a0\u00bb, a-t-il ajout\u00e9, rappelant qu&rsquo;il avait envoy\u00e9 la semaine derni\u00e8re une lettre aux parents les appelant \u00e0 un \u00ab\u00a0sursaut collectif\u00a0\u00bb.<\/p>\n<p>\u00ab\u00a0Si l&rsquo;un des deux maillons de la cha\u00eene l\u00e2che, c&rsquo;est la cha\u00eene \u00e9ducative qui l\u00e2che\u00a0\u00bb, a-t-il conclu.<\/p>\n","protected":false},"excerpt":{"rendered":"\u00ab\u00a0On continue \u00e9videmment \u00e0 avoir un suivi tr\u00e8s attentif\u00a0\u00bb, a assur\u00e9 le ministre lors de la s\u00e9ance de&hellip;\n","protected":false},"author":2,"featured_media":744424,"comment_status":"","ping_status":"","sticky":false,"template":"","format":"standard","meta":{"footnotes":"","_share_on_mastodon":"0"},"categories":[9619],"tags":[5734,1111,11,10147,16309,1777,674,1011,27,329,12,52167,34307,882,25,83082,46882,3711,2310],"class_list":["post-744423","post","type-post","status-publish","format-standard","has-post-thumbnail","category-toulon","tag-5734","tag-actu","tag-actualites","tag-enseignante","tag-etat","tag-eu","tag-europe","tag-fr","tag-france","tag-france-monde","tag-news","tag-poignardee","tag-progressivement","tag-provence-alpes-cote-dazur","tag-republique-francaise","tag-sameliore","tag-sanary","tag-son","tag-toulon"],"share_on_mastodon":{"url":"https:\/\/pubeurope.com\/@fr\/116095585062283501","error":""},"_links":{"self":[{"href":"https:\/\/www.europesays.com\/fr\/wp-json\/wp\/v2\/posts\/744423","targetHints":{"allow":["GET"]}}],"collection":[{"href":"https:\/\/www.europesays.com\/fr\/wp-json\/wp\/v2\/posts"}],"about":[{"href":"https:\/\/www.europesays.com\/fr\/wp-json\/wp\/v2\/types\/post"}],"author":[{"embeddable":true,"href":"https:\/\/www.europesays.com\/fr\/wp-json\/wp\/v2\/users\/2"}],"replies":[{"embeddable":true,"href":"https:\/\/www.europesays.com\/fr\/wp-json\/wp\/v2\/comments?post=744423"}],"version-history":[{"count":0,"href":"https:\/\/www.europesays.com\/fr\/wp-json\/wp\/v2\/posts\/744423\/revisions"}],"wp:featuredmedia":[{"embeddable":true,"href":"https:\/\/www.europesays.com\/fr\/wp-json\/wp\/v2\/media\/744424"}],"wp:attachment":[{"href":"https:\/\/www.europesays.com\/fr\/wp-json\/wp\/v2\/media?parent=744423"}],"wp:term":[{"taxonomy":"category","embeddable":true,"href":"https:\/\/www.europesays.com\/fr\/wp-json\/wp\/v2\/categories?post=744423"},{"taxonomy":"post_tag","embeddable":true,"href":"https:\/\/www.europesays.com\/fr\/wp-json\/wp\/v2\/tags?post=744423"}],"curies":[{"name":"wp","href":"https:\/\/api.w.org\/{rel}","templated":true}]}}