{"id":74454,"date":"2025-05-04T14:47:11","date_gmt":"2025-05-04T14:47:11","guid":{"rendered":"https:\/\/www.europesays.com\/fr\/74454\/"},"modified":"2025-05-04T14:47:11","modified_gmt":"2025-05-04T14:47:11","slug":"cette-capitale-est-la-moins-chere-deurope-pour-manger-comme-un-roi-pour-presque-rien","status":"publish","type":"post","link":"https:\/\/www.europesays.com\/fr\/74454\/","title":{"rendered":"Cette capitale est la moins ch\u00e8re d&rsquo;Europe pour manger comme un roi pour presque rien"},"content":{"rendered":"<p>\n        Capitale m\u00e9connue, prix doux et gastronomie au sommet : cette perle europ\u00e9enne a tout pour s\u00e9duire les voyageurs avertis.    <\/p>\n<p class=\"standard\">On oublie les foules, les files d\u2019attente interminables et les <strong>additions qui flambent<\/strong> au moindre repas. Avec \u00e0 peine<strong> 2,9 millions d\u2019habitants<\/strong> \u00e0 l\u2019\u00e9chelle nationale, cette destination reste pr\u00e9serv\u00e9e, loin du vacarme touristique des grandes capitales europ\u00e9ennes. <\/p>\n<p class=\"standard\">Ceux qui s\u2019y aventurent d\u00e9couvrent un <strong>\u00e9quilibre \u00e9tonnant<\/strong> entre charme brut et confort moderne, o\u00f9 les fa\u00e7ades charg\u00e9es d\u2019histoire c\u00f4toient des <strong>assiettes audacieuses<\/strong> et des panoramas \u00e0 couper le souffle.<\/p>\n<p class=\"standard\">En 2024, elle a m\u00eame \u00e9t\u00e9 d\u00e9sign\u00e9e <strong>capitale la plus abordable<\/strong> d\u2019Europe par le Post Office Travel Money. Un argument de plus pour ceux qui r\u00eavent d\u2019<strong>\u00e9vasion sans compromis<\/strong>. <\/p>\n<p class=\"standard\">Ce joyau discret conjugue ainsi <strong>douceur de vivre <\/strong>et prix doux, dans un cadre encore \u00e9pargn\u00e9 par le tourisme de masse. Une <strong>adresse \u00e0 retenir<\/strong> avant qu\u2019elle ne devienne incontournable. <\/p>\n<p>Une capitale gourmande et accessible en Europe <\/p>\n<p class=\"standard\">Dans cette destination, la <a href=\"https:\/\/www.marmiton.org\/tendance\/ces-plats-francais-representent-le-mieux-la-gastronomie-dans-le-monde-selon-cette-nouvelle-etude-s4110011.html\" target=\"_blank\" rel=\"noopener\">gastronomie<\/a> ne joue pas les seconds r\u00f4les : elle <strong>attire les projecteurs<\/strong>. La sc\u00e8ne culinaire de la ville explose, port\u00e9e par une<strong> nouvelle g\u00e9n\u00e9ration de chefs<\/strong> qui m\u00eale audace et respect des traditions. <\/p>\n<p>La suite apr\u00e8s cette publicit\u00e9<\/p>\n<p class=\"standard\">\u00ab Les habitants ont toujours eu <strong>un lien profond <\/strong>avec leurs traditions culinaires, leurs produits locaux et leurs <strong>recettes transmises <\/strong>de g\u00e9n\u00e9ration en g\u00e9n\u00e9ration \u00bb, confie Niels Peter Pretzmann, \u00e0 la t\u00eate de plusieurs \u00e9tablissements en vue. <\/p>\n<p class=\"standard\">Le r\u00e9sultat ? Des adresses qui se glissent dans le <a href=\"https:\/\/www.marmiton.org\/restaurants\/12-nouveaux-restaurants-entrent-au-guide-michelin-et-voici-ou-ils-se-trouvent-s4105135.html\" target=\"_blank\" rel=\"noopener\">Guide Michelin<\/a> sans faire flamber l\u2019addition : un <strong>menu d\u00e9gustation <\/strong>s\u2019y savoure pour une soixantaine d\u2019euros. Une aubaine pour ceux qui<strong> aiment bien manger<\/strong> sans vider leur compte.<\/p>\n<p class=\"standard\">Et cette m\u00eame logique se retrouve dans l\u2019h\u00e9bergement. Pas besoin de<strong> casser sa tirelire<\/strong> pour go\u00fbter \u00e0 un certain art de vivre : des h\u00f4tels design, confortables et bien situ\u00e9s affichent des<strong> prix qui d\u00e9fient toute concurrence<\/strong>. <\/p>\n<p class=\"standard\">Le Comfort Hotel LT, \u00e0 deux pas de la vieille ville, en est <strong>l\u2019exemple parfait <\/strong>avec ses chambres \u00e0 68 euros <strong>incluant petit d\u00e9jeuner <\/strong>et acc\u00e8s \u00e0 la salle de sport. <\/p>\n<p>La suite apr\u00e8s cette publicit\u00e9<\/p>\n<p class=\"standard\">M\u00eame les spas se d\u00e9mocratisent, notamment \u00e0 Palanga, <strong>station baln\u00e9aire pris\u00e9e<\/strong> pour ses kilom\u00e8tres de sable blond et son immense centre de bien-\u00eatre. Une <a href=\"https:\/\/www.marmiton.org\/tendance\/cette-ville-a-ete-elue-capitale-gastronomique-du-monde-en-2025-et-ce-n-est-pas-paris-s4110180.html\" target=\"_blank\" rel=\"noopener\">capitale<\/a> qui <strong>prend soin de ses visiteurs<\/strong>, \u00e0 tous les niveaux.<\/p>\n<p class=\"standard\">Dans cette ville, on peut aussi manger simple, copieux et <strong>toujours \u00e0 petit prix<\/strong>. \u00c0 l\u2019heure du d\u00e9jeuner, une soupe et un plat complet co\u00fbtent <strong>rarement plus de 8 euros<\/strong>, assure Le Routard. <\/p>\n<p class=\"standard\">Parmi les sp\u00e9cialit\u00e9s incontournables, on trouve les cepelinai (grosses <strong>boulettes de pommes de terre<\/strong> farcies \u00e0 la viande), le kugelis (g\u00e2teau de pommes de terre), les kold\u016bnai (raviolis), ou encore le \u0161altibar\u0161\u010diai, un <strong>\u00e9tonnant borchtch froid <\/strong>\u00e0 base de betterave et de k\u00e9fir. <\/p>\n<p class=\"standard\">Les amateurs de poissons appr\u00e9cieront le silk\u0117 (<strong>hareng marin\u00e9<\/strong>) ou la truite (up\u0117takis), souvent accompagn\u00e9s de pommes de terre ou de<strong> l\u00e9gumes marin\u00e9s<\/strong>. Une cuisine sans pr\u00e9tention, mais toujours g\u00e9n\u00e9reuse.<\/p>\n<p>La suite apr\u00e8s cette publicit\u00e9<\/p>\n<p>Vilnius, la capitale qui surprend sur toute la ligne<\/p>\n<p class=\"standard\">Dans cette ville discr\u00e8te, loin des circuits touristiques classiques, le bien-\u00eatre prend une <strong>dimension inattendue<\/strong>. On y d\u00e9couvre le<strong> plus grand sauna ambr\u00e9 <\/strong>au monde, o\u00f9 la chaleur douce des infrarouges combin\u00e9e \u00e0 l\u2019ambre r\u00e9chauffe le corps en profondeur. <\/p>\n<p class=\"standard\">Le tout s\u2019int\u00e8gre dans un spa quatre \u00e9toiles avec piscine et jacuzzi, <strong>accessible d\u00e8s 20 euros<\/strong>. Autrement dit, ici, le luxe se vit sans ostentation ni facture sal\u00e9e, et l\u2019<strong>exp\u00e9rience vaut largement le d\u00e9tour<\/strong>.<\/p>\n<p class=\"standard\">Vilnius, <strong>capitale de la Lituanie<\/strong>, coche d\u00e9cid\u00e9ment toutes les cases. Encore peu connue du grand public, elle s\u2019est longtemps effac\u00e9e<strong> derri\u00e8re Riga ou Tallinn<\/strong>. <\/p>\n<p class=\"standard\">Pourtant, \u00e0 seulement <strong>2 h 30 de vol de Paris<\/strong>, elle s\u2019impose aujourd\u2019hui comme un v\u00e9ritable coup de c\u0153ur pour ceux qui cherchent \u00e0 conjuguer confort, originalit\u00e9 et prix ma\u00eetris\u00e9s. Une destination \u00e0 retenir avant qu\u2019elle ne devienne, elle aussi, <strong>victime de son succ\u00e8s<\/strong>.<\/p>\n<p>La suite apr\u00e8s cette publicit\u00e9<\/p>\n<p class=\"standard\"><strong>\u00c0 lire aussi : <\/strong>\n<\/p>\n<p>    <a href=\"https:\/\/www.marmiton.org\/author\/27638\" target=\"_blank\" rel=\"noopener\"><br \/>\n        <img loading=\"lazy\" decoding=\"async\" src=\"https:\/\/www.europesays.com\/fr\/wp-content\/uploads\/2025\/04\/369194595_s50.jpeg\" width=\"50\" height=\"50\" alt=\"Fostine Carracillo\"\/><br \/>\n    <\/a><\/p>\n<p>            R\u00e9dactrice cuisine\n    <\/p>\n<p>R\u00e9dactrice passionn\u00e9e d&rsquo;exploration gustative, je me plais autant \u00e0 partager mes recettes pr\u00e9f\u00e9r\u00e9es qu&rsquo;\u00e0 me r\u00e9galer. Derri\u00e8re ma plume ? Des contenus 100 % test\u00e9s et approuv\u00e9s.\u00a0<br \/>\nQuand mon c\u0153ur ne \u2026<\/p>\n","protected":false},"excerpt":{"rendered":"Capitale m\u00e9connue, prix doux et gastronomie au sommet : cette perle europ\u00e9enne a tout pour s\u00e9duire les voyageurs&hellip;\n","protected":false},"author":2,"featured_media":22277,"comment_status":"","ping_status":"","sticky":false,"template":"","format":"standard","meta":{"footnotes":""},"categories":[1586],"tags":[11,8263,17888,1777,674,1011,27,12,25,8551],"class_list":{"0":"post-74454","1":"post","2":"type-post","3":"status-publish","4":"format-standard","5":"has-post-thumbnail","7":"category-europe","8":"tag-actualites","9":"tag-actus-food","10":"tag-adresses","11":"tag-eu","12":"tag-europe","13":"tag-fr","14":"tag-france","15":"tag-news","16":"tag-republique-francaise","17":"tag-tendance"},"share_on_mastodon":{"url":"https:\/\/pubeurope.com\/@fr\/114450113853484398","error":""},"_links":{"self":[{"href":"https:\/\/www.europesays.com\/fr\/wp-json\/wp\/v2\/posts\/74454","targetHints":{"allow":["GET"]}}],"collection":[{"href":"https:\/\/www.europesays.com\/fr\/wp-json\/wp\/v2\/posts"}],"about":[{"href":"https:\/\/www.europesays.com\/fr\/wp-json\/wp\/v2\/types\/post"}],"author":[{"embeddable":true,"href":"https:\/\/www.europesays.com\/fr\/wp-json\/wp\/v2\/users\/2"}],"replies":[{"embeddable":true,"href":"https:\/\/www.europesays.com\/fr\/wp-json\/wp\/v2\/comments?post=74454"}],"version-history":[{"count":0,"href":"https:\/\/www.europesays.com\/fr\/wp-json\/wp\/v2\/posts\/74454\/revisions"}],"wp:featuredmedia":[{"embeddable":true,"href":"https:\/\/www.europesays.com\/fr\/wp-json\/wp\/v2\/media\/22277"}],"wp:attachment":[{"href":"https:\/\/www.europesays.com\/fr\/wp-json\/wp\/v2\/media?parent=74454"}],"wp:term":[{"taxonomy":"category","embeddable":true,"href":"https:\/\/www.europesays.com\/fr\/wp-json\/wp\/v2\/categories?post=74454"},{"taxonomy":"post_tag","embeddable":true,"href":"https:\/\/www.europesays.com\/fr\/wp-json\/wp\/v2\/tags?post=74454"}],"curies":[{"name":"wp","href":"https:\/\/api.w.org\/{rel}","templated":true}]}}