{"id":744610,"date":"2026-02-19T07:10:19","date_gmt":"2026-02-19T07:10:19","guid":{"rendered":"https:\/\/www.europesays.com\/fr\/744610\/"},"modified":"2026-02-19T07:10:19","modified_gmt":"2026-02-19T07:10:19","slug":"wta-eugenie-bouchard-a-ce-jour-je-nai-toujours-pas-revu-ma-finale-perdue-a-wimbledon-car-je-nen-suis-tout-simplement-pas-capable","status":"publish","type":"post","link":"https:\/\/www.europesays.com\/fr\/744610\/","title":{"rendered":"WTA > Eug\u00e9nie Bouchard : \u00ab\u00a0\u00c0 ce jour, je n&rsquo;ai toujours pas revu ma finale perdue \u00e0 Wimbledon, car je n&rsquo;en suis tout simplement pas capable\u00a0\u00bb"},"content":{"rendered":"<p>Ancienne 5e joueuse mondiale et fina\u00adliste de Wimbledon en 2014, Eug\u00e9nie Bouchard semblait promise \u00e0 un brillant avenir sur le circuit avant d\u2019\u00eatre rattrap\u00e9e par la c\u00e9l\u00e9\u00adbrit\u00e9 et la r\u00e9alit\u00e9 du haut niveau.\u00a0<\/p>\n<p>R\u00e9cemment de passage dans le podcast, Tennis Insider Club, o\u00f9 elle est revenue sur le pic de sa carri\u00e8re, la Canadienne a reconnu qu\u2019elle n\u2019avait toujours pas regard\u00e9 les images de sa fameuse finale s\u00e8che\u00adment perdue face \u00e0 Petra Kvitova en finale du Grand Chelem londonien.\u00a0<\/p>\n<p><strong>\u00ab\u202f\u00c0 ce jour, je n\u2019ai toujours pas revu la finale, car je n\u2019en suis tout simple\u00adment pas capable. C\u2019est trop doulou\u00adreux pour moi. J\u2019ai \u00e9t\u00e9 \u00e9cras\u00e9e, ce qui est peut\u2010\u00eatre une b\u00e9n\u00e9\u00addic\u00adtion d\u00e9guis\u00e9e, car vous savez, quand vous \u00eates si pr\u00e8s de remporter un match et que vous le perdez, vous repassez sans cesse la sc\u00e8ne dans votre t\u00eate, vous vous demandez ce que vous auriez pu faire de mieux, par exemple sur un point de break ou un point de match. J\u2019ai atteint la finale d\u2019un Grand Chelem et beau\u00adcoup de gens se sont dit que cela signi\u00adfiait que j\u2019al\u00adlais forc\u00e9\u00adment en gagner un l\u2019ann\u00e9e suivante, n\u2019est\u2010ce pas\u202f? Mais les seules personnes qui y parviennent r\u00e9gu\u00adli\u00e8\u00adre\u00adment sont litt\u00e9\u00adra\u00adle\u00adment celles que nous consi\u00add\u00e9\u00adrons comme les plus grandes de tous les temps. Et il s\u2019agit litt\u00e9\u00adra\u00adle\u00adment de Serena, Djokovic ou d\u2019autres joueurs de ce calibre.\u202f\u00bb<\/strong><\/p>\n<p class=\"post-published-date\" style=\"color: silver; font-size: 75%; text-align: left;\">Publi\u00e9 le mercredi 18 f\u00e9vrier 2026 \u00e0 18:48<\/p>\n","protected":false},"excerpt":{"rendered":"Ancienne 5e joueuse mondiale et fina\u00adliste de Wimbledon en 2014, Eug\u00e9nie Bouchard semblait promise \u00e0 un brillant avenir&hellip;\n","protected":false},"author":2,"featured_media":744611,"comment_status":"","ping_status":"","sticky":false,"template":"","format":"standard","meta":{"footnotes":"","_share_on_mastodon":"0"},"categories":[1415],"tags":[41635,105,1011,27,83091,2201,60,1467],"class_list":["post-744610","post","type-post","status-publish","format-standard","has-post-thumbnail","category-tennis","tag-bouchard","tag-djokovic","tag-fr","tag-france","tag-kvitova","tag-serena-williams","tag-sports","tag-tennis"],"share_on_mastodon":{"url":"https:\/\/pubeurope.com\/@fr\/116096049023166138","error":""},"_links":{"self":[{"href":"https:\/\/www.europesays.com\/fr\/wp-json\/wp\/v2\/posts\/744610","targetHints":{"allow":["GET"]}}],"collection":[{"href":"https:\/\/www.europesays.com\/fr\/wp-json\/wp\/v2\/posts"}],"about":[{"href":"https:\/\/www.europesays.com\/fr\/wp-json\/wp\/v2\/types\/post"}],"author":[{"embeddable":true,"href":"https:\/\/www.europesays.com\/fr\/wp-json\/wp\/v2\/users\/2"}],"replies":[{"embeddable":true,"href":"https:\/\/www.europesays.com\/fr\/wp-json\/wp\/v2\/comments?post=744610"}],"version-history":[{"count":0,"href":"https:\/\/www.europesays.com\/fr\/wp-json\/wp\/v2\/posts\/744610\/revisions"}],"wp:featuredmedia":[{"embeddable":true,"href":"https:\/\/www.europesays.com\/fr\/wp-json\/wp\/v2\/media\/744611"}],"wp:attachment":[{"href":"https:\/\/www.europesays.com\/fr\/wp-json\/wp\/v2\/media?parent=744610"}],"wp:term":[{"taxonomy":"category","embeddable":true,"href":"https:\/\/www.europesays.com\/fr\/wp-json\/wp\/v2\/categories?post=744610"},{"taxonomy":"post_tag","embeddable":true,"href":"https:\/\/www.europesays.com\/fr\/wp-json\/wp\/v2\/tags?post=744610"}],"curies":[{"name":"wp","href":"https:\/\/api.w.org\/{rel}","templated":true}]}}