{"id":744712,"date":"2026-02-19T08:17:11","date_gmt":"2026-02-19T08:17:11","guid":{"rendered":"https:\/\/www.europesays.com\/fr\/744712\/"},"modified":"2026-02-19T08:17:11","modified_gmt":"2026-02-19T08:17:11","slug":"lue-le-royaume-uni-et-le-canada-alertent-sur-de-possibles-crimes-de-guerre-et-contre-lhumanite","status":"publish","type":"post","link":"https:\/\/www.europesays.com\/fr\/744712\/","title":{"rendered":"l\u2019UE, le Royaume-Uni et le Canada alertent sur de possibles \u00abcrimes de guerre et contre l\u2019humanit\u00e9\u00bb"},"content":{"rendered":"<p>\n    La guerre au Soudan a fait plusieurs dizaines de milliers de morts, et d\u00e9plac\u00e9 plus de 14 millions de personnes \u00e0 l\u2019int\u00e9rieur du pays et au-del\u00e0 de ses fronti\u00e8res, avec ce que l\u2019ONU a qualifi\u00e9 de pire crise humanitaire au monde.<\/p>\n<p class=\"fig-paragraph\">L&rsquo;UE et la majorit\u00e9 de ses membres,\u00a0<a href=\"http:\/\/www.lefigaro.fr\/flash-eco\/au-royaume-uni-une-reunion-fondatrice-entre-banques-pour-une-alternative-a-visa-et-mastercard-20260218\" data-fig-type=\"NewsFlash\" data-gtm-custom-categorie=\"navigation\" data-gtm-custom-action=\"crossclick\" data-gtm-custom-label=\"Contextuel\" data-gtm-event=\"customEventSPE\" data-fig-domain=\"LEFIGARO\" rel=\"nofollow noopener\" target=\"_blank\">le Royaume-Uni<\/a>\u00a0ainsi que le\u00a0<a href=\"http:\/\/www.lefigaro.fr\/international\/nous-avons-trop-compte-sur-les-autres-pour-nous-proteger-le-canada-lance-son-plan-de-defense-pour-reduire-sa-dependance-envers-les-etats-unis-20260218\" data-fig-type=\"NewsFlash\" data-gtm-custom-categorie=\"navigation\" data-gtm-custom-action=\"crossclick\" data-gtm-custom-label=\"Contextuel\" data-gtm-event=\"customEventSPE\" data-fig-domain=\"LEFIGARO\" rel=\"nofollow noopener\" target=\"_blank\">Canada\u00a0<\/a>ont d\u00e9nonc\u00e9 mercredi dans une d\u00e9claration commune de possibles \u00abcrimes de guerre ou des crimes contre l&rsquo;humanit\u00e9\u00bb au\u00a0<a href=\"http:\/\/www.lefigaro.fr\/international\/au-soudan-du-sud-le-pam-suspend-ses-operations-apres-le-pillage-d-un-convoi-d-aide-20260212\" data-fig-type=\"Article\" data-gtm-custom-categorie=\"navigation\" data-gtm-custom-action=\"crossclick\" data-gtm-custom-label=\"Contextuel\" data-gtm-event=\"customEventSPE\" data-fig-domain=\"LEFIGARO\" rel=\"nofollow noopener\" target=\"_blank\">Soudan<\/a>, o\u00f9 la guerre entre l&rsquo;arm\u00e9e et les paramilitaires fait rage.<\/p>\n<p class=\"fig-paragraph\">\u00abNous condamnons avec la plus grande fermet\u00e9 les violences abjectes commises contre les civils, en particulier les femmes et les enfants, ainsi que toutes les graves violations du droit international humanitaire\u00bb, d\u00e9taille le communiqu\u00e9 sign\u00e9 par 31 participants.<\/p>\n<p>                                            <a class=\"fig-a11y-skip\" href=\"#fig-a11y-skip-main-inarticle\" is=\"fig-a11y-skip\" data-trigger-mode=\"visible-once\"><br \/>\n    Passer la publicit\u00e9<br \/>\n<\/a>            <\/p>\n<p class=\"fig-paragraph\">Depuis avril 2023, une guerre meurtri\u00e8re oppose l&rsquo;arm\u00e9e soudanaise aux\u00a0<a href=\"http:\/\/www.lefigaro.fr\/international\/chute-d-el-fasher-les-forces-de-soutien-rapides-accusees-de-massacres-dans-la-derniere-capitale-du-darfour-20251028\" data-fig-type=\"Article\" data-gtm-custom-categorie=\"navigation\" data-gtm-custom-action=\"crossclick\" data-gtm-custom-label=\"Contextuel\" data-gtm-event=\"customEventSPE\" data-fig-domain=\"LEFIGARO\" rel=\"nofollow noopener\" target=\"_blank\">Forces de soutien rapide\u00a0<\/a>(FSR), toutes deux accus\u00e9es d&rsquo;atrocit\u00e9s. Ces violations \u00abpeuvent constituer des crimes de guerre ou des crimes contre l&rsquo;humanit\u00e9 et doivent faire l&rsquo;objet d&rsquo;enqu\u00eates rapides et impartiales\u00bb, est-il aussi \u00e9crit.<\/p>\n<p>                                            \u00abL\u2019\u00e9picentre de la plus grave crise humanitaire\u00bb au monde<\/p>\n<p class=\"fig-paragraph\">Dans le d\u00e9tail, les signataires sont les chefs de la diplomatie de 24 pays de l&rsquo;Union Europ\u00e9enne, du Canada, du Royaume-Uni, de l&rsquo;Islande, de la Norv\u00e8ge et de la Nouvelle-Z\u00e9lande, une commissaire europ\u00e9enne et un responsable humanitaire suisse.<\/p>\n<p class=\"fig-paragraph\">\u00abNous r\u00e9it\u00e9rons d&rsquo;urgence notre appel aux Forces de soutien rapide (FSR), aux Forces arm\u00e9es soudanaises (FAS) et \u00e0 leurs milices alli\u00e9es pour qu&rsquo;elles cessent imm\u00e9diatement les hostilit\u00e9s\u00bb, ajoutent les Occidentaux. Cinq jours auparavant, le Haut-Commissariat de l&rsquo;ONU aux droits de l&rsquo;homme accusait les paramilitaires de \u00abcrimes de guerre et de possibles crimes contre l&rsquo;humanit\u00e9\u00bb.<\/p>\n<p class=\"fig-paragraph\">Mercredi, les Occidentaux ont d\u00e9nonc\u00e9 \u00abla r\u00e9cente et grave escalade des attaques par drones et par voie a\u00e9rienne\u00bb, qui vise civils, personnel sanitaire et humanitaire. Les r\u00e9gions du Darfour et du Kordofan \u00abdemeurent l&rsquo;\u00e9picentre de la plus grave crise humanitaire\u00bb au monde, poursuit la d\u00e9claration.<\/p>\n<p>                                            \u00abDes actes de g\u00e9nocide\u00bb selon l\u2019ONU<\/p>\n<p class=\"fig-paragraph\">Dans le m\u00eame temps, la mission ind\u00e9pendante d\u2019\u00e9tablissement des faits de l\u2019ONU sur le Soudan a fait \u00e9tat d\u2019\u00abactes de g\u00e9nocide\u00bb \u00e0 El-Fasher. Dans un rapport intitul\u00e9 \u00abCaract\u00e9ristiques du g\u00e9nocide \u00e0 El-Fasher\u00bb, la mission a \u00e9tabli que \u00abl\u2019intention g\u00e9nocidaire est la seule conclusion raisonnable que l\u2019on puisse tirer des agissements syst\u00e9matiques des FSR\u00bb dans cette ville du Darfour, r\u00e9gion de l\u2019ouest du Soudan d\u00e9j\u00e0 ensanglant\u00e9e dans les ann\u00e9es 2000.<\/p>\n<p>                                            <a class=\"fig-a11y-skip\" href=\"#fig-a11y-skip-main-inarticle_mtf\" is=\"fig-a11y-skip\" data-trigger-mode=\"visible-once\"><br \/>\n    Passer la publicit\u00e9<br \/>\n<\/a>            <\/p>\n<p class=\"fig-paragraph\">Ces actes sont \u00abcaract\u00e9ris\u00e9s par des meurtres cibl\u00e9s sur des crit\u00e8res ethniques, des violences sexuelles, des destructions et des d\u00e9clarations publiques appelant explicitement \u00e0 l\u2019\u00e9limination des communaut\u00e9s non arabes, en particulier les Zaghawa et les Fur\u00bb, d\u00e9taille un communiqu\u00e9 accompagnant le rapport. Mi-novembre, \u00e0 l\u2019issue d\u2019une session extraordinaire consacr\u00e9e \u00e0 ces \u00e9v\u00e8nements, le Conseil des droits de l\u2019Homme avait adopt\u00e9 une r\u00e9solution ordonnant \u00e0 la mission ind\u00e9pendante d\u2019\u00e9tablissement des faits de l\u2019ONU sur le Soudan de mener l\u2019enqu\u00eate.<\/p>\n<p class=\"fig-paragraph\">Dans ses conclusions, celle-ci affirme que \u00ables preuves \u00e9tablissent qu\u2019au moins trois actes constitutifs de g\u00e9nocide ont \u00e9t\u00e9 commis\u00bb. Ces actes comprennent \u00able meurtre de membres d\u2019un groupe ethnique prot\u00e9g\u00e9; le fait de causer des atteintes graves \u00e0 l\u2019int\u00e9grit\u00e9 physique et mentale; et le fait d\u2019imposer d\u00e9lib\u00e9r\u00e9ment des conditions d\u2019existence destin\u00e9es \u00e0 entra\u00eener la destruction physique totale ou partielle du groupe\u00bb. \u00abL\u2019ampleur, la coordination et le soutien public apport\u00e9 \u00e0 l\u2019op\u00e9ration par les hauts responsables des FSR d\u00e9montrent que les crimes commis \u00e0 El-Fasher et dans ses environs n\u2019\u00e9taient pas des exactions de guerre isol\u00e9es\u00bb, a d\u00e9clar\u00e9 Mohamad Chande Othman, pr\u00e9sident de la mission, cit\u00e9 dans le communiqu\u00e9.<\/p>\n","protected":false},"excerpt":{"rendered":"La guerre au Soudan a fait plusieurs dizaines de milliers de morts, et d\u00e9plac\u00e9 plus de 14 millions&hellip;\n","protected":false},"author":2,"featured_media":744713,"comment_status":"","ping_status":"","sticky":false,"template":"","format":"standard","meta":{"footnotes":"","_share_on_mastodon":"0"},"categories":[1586],"tags":[11,40606,2048,1777,674,1779,1011,27,12,25,4535,1778,364],"class_list":["post-744712","post","type-post","status-publish","format-standard","has-post-thumbnail","category-europe","tag-actualites","tag-crime-contre-lhumanite","tag-crime-de-guerre","tag-eu","tag-europe","tag-european-union","tag-fr","tag-france","tag-news","tag-republique-francaise","tag-soudan","tag-ue","tag-union-europeenne"],"share_on_mastodon":{"url":"https:\/\/pubeurope.com\/@fr\/116096312738817165","error":""},"_links":{"self":[{"href":"https:\/\/www.europesays.com\/fr\/wp-json\/wp\/v2\/posts\/744712","targetHints":{"allow":["GET"]}}],"collection":[{"href":"https:\/\/www.europesays.com\/fr\/wp-json\/wp\/v2\/posts"}],"about":[{"href":"https:\/\/www.europesays.com\/fr\/wp-json\/wp\/v2\/types\/post"}],"author":[{"embeddable":true,"href":"https:\/\/www.europesays.com\/fr\/wp-json\/wp\/v2\/users\/2"}],"replies":[{"embeddable":true,"href":"https:\/\/www.europesays.com\/fr\/wp-json\/wp\/v2\/comments?post=744712"}],"version-history":[{"count":0,"href":"https:\/\/www.europesays.com\/fr\/wp-json\/wp\/v2\/posts\/744712\/revisions"}],"wp:featuredmedia":[{"embeddable":true,"href":"https:\/\/www.europesays.com\/fr\/wp-json\/wp\/v2\/media\/744713"}],"wp:attachment":[{"href":"https:\/\/www.europesays.com\/fr\/wp-json\/wp\/v2\/media?parent=744712"}],"wp:term":[{"taxonomy":"category","embeddable":true,"href":"https:\/\/www.europesays.com\/fr\/wp-json\/wp\/v2\/categories?post=744712"},{"taxonomy":"post_tag","embeddable":true,"href":"https:\/\/www.europesays.com\/fr\/wp-json\/wp\/v2\/tags?post=744712"}],"curies":[{"name":"wp","href":"https:\/\/api.w.org\/{rel}","templated":true}]}}