{"id":74505,"date":"2025-05-04T15:18:12","date_gmt":"2025-05-04T15:18:12","guid":{"rendered":"https:\/\/www.europesays.com\/fr\/74505\/"},"modified":"2025-05-04T15:18:12","modified_gmt":"2025-05-04T15:18:12","slug":"nationale-3-m-un-avant-gout-de-pre-nationale-pour-le-sluc-nancy-face-au-jura-salins","status":"publish","type":"post","link":"https:\/\/www.europesays.com\/fr\/74505\/","title":{"rendered":"Nationale 3 (M). Un avant-go\u00fbt de pr\u00e9 nationale pour le SLUC Nancy face au Jura Salins"},"content":{"rendered":"<p>                     Jura Salins &#8211; SLUC Nancy 88 &#8211; 96 <\/p>\n<p>Cette rencontre ne restera pas dans les m\u00e9moires. Les deux \u00e9quipes, d\u00e9finitivement ancr\u00e9es dans les profondeurs du classement et rel\u00e9gu\u00e9es en Pr\u00e9nationale, ont effectu\u00e9 un match digne de l\u2019\u00e9tage d\u2019en dessous. \u00c0 l\u2019aller, Salins avait battu Nancy dans son fief. Cette fois-ci, c\u2019est Nancy, revanchard, qui a battu les Jurassiens chez eux, devant 250 supporters.<\/p>\n<p>Nancy insiste et \u00e9teint&#8230;                <\/p>\n","protected":false},"excerpt":{"rendered":"Jura Salins &#8211; SLUC Nancy 88 &#8211; 96 Cette rencontre ne restera pas dans les m\u00e9moires. Les deux&hellip;\n","protected":false},"author":2,"featured_media":74506,"comment_status":"","ping_status":"","sticky":false,"template":"","format":"standard","meta":{"footnotes":""},"categories":[9635],"tags":[1111,11,1791,1704,1777,674,1011,27,775,1702,1703,12,25,517,1700],"class_list":{"0":"post-74505","1":"post","2":"type-post","3":"status-publish","4":"format-standard","5":"has-post-thumbnail","7":"category-nancy","8":"tag-actu","9":"tag-actualites","10":"tag-basket-ball","11":"tag-edition-nancy-et-agglomeration","12":"tag-eu","13":"tag-europe","14":"tag-fr","15":"tag-france","16":"tag-grand-est","17":"tag-nancy","18":"tag-nancy-ville-54b","19":"tag-news","20":"tag-republique-francaise","21":"tag-sport","22":"tag-sport-lorrain"},"share_on_mastodon":{"url":"https:\/\/pubeurope.com\/@fr\/114450235598589636","error":""},"_links":{"self":[{"href":"https:\/\/www.europesays.com\/fr\/wp-json\/wp\/v2\/posts\/74505","targetHints":{"allow":["GET"]}}],"collection":[{"href":"https:\/\/www.europesays.com\/fr\/wp-json\/wp\/v2\/posts"}],"about":[{"href":"https:\/\/www.europesays.com\/fr\/wp-json\/wp\/v2\/types\/post"}],"author":[{"embeddable":true,"href":"https:\/\/www.europesays.com\/fr\/wp-json\/wp\/v2\/users\/2"}],"replies":[{"embeddable":true,"href":"https:\/\/www.europesays.com\/fr\/wp-json\/wp\/v2\/comments?post=74505"}],"version-history":[{"count":0,"href":"https:\/\/www.europesays.com\/fr\/wp-json\/wp\/v2\/posts\/74505\/revisions"}],"wp:featuredmedia":[{"embeddable":true,"href":"https:\/\/www.europesays.com\/fr\/wp-json\/wp\/v2\/media\/74506"}],"wp:attachment":[{"href":"https:\/\/www.europesays.com\/fr\/wp-json\/wp\/v2\/media?parent=74505"}],"wp:term":[{"taxonomy":"category","embeddable":true,"href":"https:\/\/www.europesays.com\/fr\/wp-json\/wp\/v2\/categories?post=74505"},{"taxonomy":"post_tag","embeddable":true,"href":"https:\/\/www.europesays.com\/fr\/wp-json\/wp\/v2\/tags?post=74505"}],"curies":[{"name":"wp","href":"https:\/\/api.w.org\/{rel}","templated":true}]}}