{"id":74507,"date":"2025-05-04T15:19:09","date_gmt":"2025-05-04T15:19:09","guid":{"rendered":"https:\/\/www.europesays.com\/fr\/74507\/"},"modified":"2025-05-04T15:19:09","modified_gmt":"2025-05-04T15:19:09","slug":"tous-mobilises-a-la-valette-du-var-pour-un-coudon-propre","status":"publish","type":"post","link":"https:\/\/www.europesays.com\/fr\/74507\/","title":{"rendered":"Tous mobilis\u00e9s \u00e0 La Valette-du-Var pour un \u00ab\u00a0Coudon propre\u00a0\u00bb"},"content":{"rendered":"<p>Ce samedi matin, la m\u00e9t\u00e9o n\u2019\u00e9tait pas franchement de la partie \u00e0 La Valette-du-Var. Un ciel charg\u00e9, quelques gouttes en embuscade et une fra\u00eecheur inhabituelle pour un mois de mai&#8230; Pourtant, cela n\u2019a pas dissuad\u00e9 les habitants de r\u00e9pondre pr\u00e9sent pour l\u2019op\u00e9ration \u00ab\u00a0Coudon propre\u00a0\u00bb, initiative citoyenne d\u00e9sormais bien ancr\u00e9e dans le paysage local.<\/p>\n<p>D\u00e8s 8h30, le centre de loisirs Jean Gravrand a vu affluer familles, amis, associations et anonymes venus pr\u00eater main-forte \u00e0 ce grand nettoyage des pentes du mont Coudon. Arm\u00e9s de gants et de sacs, fournis par la M\u00e9tropole TPM, et en compagnie des b\u00e9n\u00e9voles du RCSC &#8211; CCFF (r\u00e9serve civile communale et comit\u00e9 communal feux de for\u00eat), les participants ont sillonn\u00e9 les sentiers pour ramasser canettes, plastiques et autres d\u00e9chets oubli\u00e9s. Si certains venaient pour la premi\u00e8re fois, beaucoup en \u00e9taient \u00e0 leur deuxi\u00e8me ou troisi\u00e8me participation. \u00ab\u00a0C\u2019est devenu un rendez-vous. On vient pour nettoyer, mais aussi pour se retrouver\u00a0\u00bb, glisse Claire, venue avec ses deux enfants.<\/p>\n<p>Un volet p\u00e9dagogique\u00a0<\/p>\n<p>L\u2019organisation, port\u00e9e par la Ville en partenariat avec l\u2019association Chercheurs en herbe, s\u2019est voulue aussi p\u00e9dagogique que conviviale. Pendant que les adultes s\u2019attelaient \u00e0 la collecte, les plus jeunes ont pu profiter d\u2019animations ax\u00e9es sur la sensibilisation \u00e0 l\u2019environnement. Comment se d\u00e9compose un m\u00e9got? O\u00f9 finit une bouteille jet\u00e9e en pleine nature? Autant de questions abord\u00e9es de fa\u00e7on ludique, pour planter des graines de conscience \u00e9cologique.<\/p>\n<p>Pour limiter l\u2019usage des v\u00e9hicules individuels, des navettes gratuites avaient \u00e9t\u00e9 mises en place depuis le centre-ville, avec des d\u00e9parts toutes les 30 minutes depuis la place G\u00e9n\u00e9ral-de-Gaulle. Une initiative salu\u00e9e par plusieurs participants, heureux de laisser leur voiture de c\u00f4t\u00e9 pour une fois. <br \/>&#13;<br \/>\nApr\u00e8s l\u2019effort, le r\u00e9confort: un petit-d\u00e9jeuner d\u2019accueil avait \u00e9t\u00e9 pr\u00e9vu pour lancer la matin\u00e9e, et un ap\u00e9ritif a permis de clore les op\u00e9rations dans une ambiance chaleureuse. Certains ont prolong\u00e9 le moment autour d\u2019un pique-nique tir\u00e9 du sac.<\/p>\n<p>Au-del\u00e0 des sacs de d\u00e9chets collect\u00e9s, c\u2019est surtout un message qui est pass\u00e9: celui de la responsabilit\u00e9 partag\u00e9e face \u00e0 la pr\u00e9servation de nos espaces naturels. Un geste simple, pour un impact bien r\u00e9el.<\/p>\n","protected":false},"excerpt":{"rendered":"Ce samedi matin, la m\u00e9t\u00e9o n\u2019\u00e9tait pas franchement de la partie \u00e0 La Valette-du-Var. Un ciel charg\u00e9, quelques&hellip;\n","protected":false},"author":2,"featured_media":74508,"comment_status":"","ping_status":"","sticky":false,"template":"","format":"standard","meta":{"footnotes":""},"categories":[9619],"tags":[1111,11,1777,674,1011,27,12,882,25,2310,3366],"class_list":{"0":"post-74507","1":"post","2":"type-post","3":"status-publish","4":"format-standard","5":"has-post-thumbnail","7":"category-toulon","8":"tag-actu","9":"tag-actualites","10":"tag-eu","11":"tag-europe","12":"tag-fr","13":"tag-france","14":"tag-news","15":"tag-provence-alpes-cote-dazur","16":"tag-republique-francaise","17":"tag-toulon","18":"tag-vie-locale"},"share_on_mastodon":{"url":"https:\/\/pubeurope.com\/@fr\/114450239574320725","error":""},"_links":{"self":[{"href":"https:\/\/www.europesays.com\/fr\/wp-json\/wp\/v2\/posts\/74507","targetHints":{"allow":["GET"]}}],"collection":[{"href":"https:\/\/www.europesays.com\/fr\/wp-json\/wp\/v2\/posts"}],"about":[{"href":"https:\/\/www.europesays.com\/fr\/wp-json\/wp\/v2\/types\/post"}],"author":[{"embeddable":true,"href":"https:\/\/www.europesays.com\/fr\/wp-json\/wp\/v2\/users\/2"}],"replies":[{"embeddable":true,"href":"https:\/\/www.europesays.com\/fr\/wp-json\/wp\/v2\/comments?post=74507"}],"version-history":[{"count":0,"href":"https:\/\/www.europesays.com\/fr\/wp-json\/wp\/v2\/posts\/74507\/revisions"}],"wp:featuredmedia":[{"embeddable":true,"href":"https:\/\/www.europesays.com\/fr\/wp-json\/wp\/v2\/media\/74508"}],"wp:attachment":[{"href":"https:\/\/www.europesays.com\/fr\/wp-json\/wp\/v2\/media?parent=74507"}],"wp:term":[{"taxonomy":"category","embeddable":true,"href":"https:\/\/www.europesays.com\/fr\/wp-json\/wp\/v2\/categories?post=74507"},{"taxonomy":"post_tag","embeddable":true,"href":"https:\/\/www.europesays.com\/fr\/wp-json\/wp\/v2\/tags?post=74507"}],"curies":[{"name":"wp","href":"https:\/\/api.w.org\/{rel}","templated":true}]}}