{"id":745368,"date":"2026-02-19T14:56:15","date_gmt":"2026-02-19T14:56:15","guid":{"rendered":"https:\/\/www.europesays.com\/fr\/745368\/"},"modified":"2026-02-19T14:56:15","modified_gmt":"2026-02-19T14:56:15","slug":"la-cite-des-congres-et-le-parc-des-expositions-de-nantes-unifient-leur-gouvernance","status":"publish","type":"post","link":"https:\/\/www.europesays.com\/fr\/745368\/","title":{"rendered":"La Cit\u00e9 des Congr\u00e8s et le Parc des Expositions de Nantes unifient leur gouvernance"},"content":{"rendered":"<p>\t\t\t\t\t Le Parc des Expositions, quant \u00e0 lui, pr\u00e9voit l&rsquo;ouverture au second semestre 2026 d&rsquo;<b>une nouvelle salle \u00e9v\u00e9nementielle de 2 500 places baptis\u00e9e<\/b> <a class=\"liens\" href=\"https:\/\/lacite-nantes.fr\/le-laps-salle-de-spectacle-a-nantes.html\" target=\"_blank\" rel=\"nofollow noopener\">\u00ab Le Laps \u00bb.<\/a><\/p>\n<p>Cette extension renforce la strat\u00e9gie MICE (Meetings, Incentives, Conferences, Events) du territoire nantais, qui occupe la 7e place nationale au classement ICCA 2024. &#13;\t\t\t\t\t <\/p>\n<p>L&rsquo;organisation unifi\u00e9e applique une charte de d\u00e9veloppement durable certifi\u00e9e <a class=\"liens\" href=\"https:\/\/www.culture.gouv.fr\/thematiques\/transition-ecologique\/Centre-de-ressources-Transition-ecologique-de-la-Culture\/Labels-normes\/iso-20.121-systemes-de-management-responsable-appliques-a-l-activite-evenementielle\" target=\"_blank\" rel=\"nofollow noopener\">ISO 20121,<\/a> en coh\u00e9rence avec le label \u00ab Destination Innovante Durable \u00bb obtenu par Nantes.&#13;\t\t\t\t\t <\/p>\n<p>Les nouveaux formats d&rsquo;\u00e9v\u00e9nements propos\u00e9s incluent des manifestations hybrides m\u00ealant <b>rencontres professionnelles et grand public<\/b>, ainsi que des expositions immersives en int\u00e9rieur et en ext\u00e9rieur.  &#13;\t\t\t\t\t <\/p>\n<p><b>A lire aussi :<\/b> <a class=\"liens\" href=\"https:\/\/www.tourmag.com\/La-Maison-Maubreuil-premier-5-etoiles-de-Nantes_a129358.html\" target=\"_blank\" rel=\"nofollow noopener\">La Maison Maubreuil, premier 5 \u00e9toiles de Nantes<\/a>\n\t\t\t\t <\/p>\n","protected":false},"excerpt":{"rendered":"Le Parc des Expositions, quant \u00e0 lui, pr\u00e9voit l&rsquo;ouverture au second semestre 2026 d&rsquo;une nouvelle salle \u00e9v\u00e9nementielle de&hellip;\n","protected":false},"author":2,"featured_media":745369,"comment_status":"","ping_status":"","sticky":false,"template":"","format":"standard","meta":{"footnotes":"","_share_on_mastodon":"0"},"categories":[2818],"tags":[1111,11,1777,674,1011,27,766,12,2636,25],"class_list":["post-745368","post","type-post","status-publish","format-standard","has-post-thumbnail","category-nantes","tag-actu","tag-actualites","tag-eu","tag-europe","tag-fr","tag-france","tag-nantes","tag-news","tag-pays-de-la-loire","tag-republique-francaise"],"share_on_mastodon":{"url":"https:\/\/pubeurope.com\/@fr\/116097881651384321","error":""},"_links":{"self":[{"href":"https:\/\/www.europesays.com\/fr\/wp-json\/wp\/v2\/posts\/745368","targetHints":{"allow":["GET"]}}],"collection":[{"href":"https:\/\/www.europesays.com\/fr\/wp-json\/wp\/v2\/posts"}],"about":[{"href":"https:\/\/www.europesays.com\/fr\/wp-json\/wp\/v2\/types\/post"}],"author":[{"embeddable":true,"href":"https:\/\/www.europesays.com\/fr\/wp-json\/wp\/v2\/users\/2"}],"replies":[{"embeddable":true,"href":"https:\/\/www.europesays.com\/fr\/wp-json\/wp\/v2\/comments?post=745368"}],"version-history":[{"count":0,"href":"https:\/\/www.europesays.com\/fr\/wp-json\/wp\/v2\/posts\/745368\/revisions"}],"wp:featuredmedia":[{"embeddable":true,"href":"https:\/\/www.europesays.com\/fr\/wp-json\/wp\/v2\/media\/745369"}],"wp:attachment":[{"href":"https:\/\/www.europesays.com\/fr\/wp-json\/wp\/v2\/media?parent=745368"}],"wp:term":[{"taxonomy":"category","embeddable":true,"href":"https:\/\/www.europesays.com\/fr\/wp-json\/wp\/v2\/categories?post=745368"},{"taxonomy":"post_tag","embeddable":true,"href":"https:\/\/www.europesays.com\/fr\/wp-json\/wp\/v2\/tags?post=745368"}],"curies":[{"name":"wp","href":"https:\/\/api.w.org\/{rel}","templated":true}]}}