{"id":745370,"date":"2026-02-19T14:57:14","date_gmt":"2026-02-19T14:57:14","guid":{"rendered":"https:\/\/www.europesays.com\/fr\/745370\/"},"modified":"2026-02-19T14:57:14","modified_gmt":"2026-02-19T14:57:14","slug":"ferrante-ferranti-expose-40-ans-ditalie-a-bordeaux","status":"publish","type":"post","link":"https:\/\/www.europesays.com\/fr\/745370\/","title":{"rendered":"Ferrante Ferranti expose 40 ans d\u2019Italie \u00e0 Bordeaux"},"content":{"rendered":"<p>Jusqu\u2019au 7 mars 2026, Bordeaux accueille l\u2019exposition \u00ab Le Grand Tour \u00bb, une immersion photographique sign\u00e9e\u00a0Ferrante Ferranti. L\u2019artiste revient dans la ville avec une s\u00e9lection d\u2019images qui retracent quarante ann\u00e9es de voyages \u00e0 travers l\u2019Italie, dans un dialogue constant entre m\u00e9moire, architecture et lumi\u00e8re.<\/p>\n<p style=\"font-size:16px\">Son parcours italien d\u00e9bute avec l\u2019ouvrage\u00a0<strong>Le Banquet des anges<\/strong>, r\u00e9alis\u00e9 aux c\u00f4t\u00e9s de\u00a0<strong>Dominique Fernandez, <\/strong>une exploration de <strong>l\u2019art baroque de Rome \u00e0 Prague<\/strong>. Puis viendra<strong>\u00a0Le Radeau de la Gorgone, Promenades en Sicile<\/strong>, consacr\u00e9 \u00e0 la <strong>richesse culturelle et spirituelle de cette \u00eele au c\u0153ur de la M\u00e9diterran\u00e9e.<\/strong> Ces collaborations ont marqu\u00e9 le point de d\u00e9part d\u2019un travail photographique devenu au fil des d\u00e9cennies une v\u00e9ritable travers\u00e9e du temps.<\/p>\n<p><img fetchpriority=\"high\" decoding=\"async\" width=\"635\" height=\"900\" src=\"https:\/\/www.europesays.com\/fr\/wp-content\/uploads\/2026\/02\/ferrante-ferranti-le-grand-tour.jpeg\" alt=\"\" class=\"wp-image-90659\"  \/>\u00c0 travers son objectif, Ferrante Ferranti sublime la lumi\u00e8re italienne et r\u00e9v\u00e8le les traces des civilisations dans son exposition\u00a0Le Grand Tour, pr\u00e9sent\u00e9e \u00e0 Bordeaux du 19 f\u00e9vrier au 7 mars 2026.<\/p>\n<p style=\"font-size:16px\"><strong>Le public pourra d\u00e9couvrir des tirages vintage <\/strong>qui ont contribu\u00e9 \u00e0 la<strong> renomm\u00e9e du photographe, <\/strong>mais aussi <strong>des images devenues embl\u00e9matiques, <\/strong>comme<strong> ce cheval saisi dans son \u00e9lan \u00e0 Santa Margherita Belice en Sicile.<\/strong> D\u2019autres photographies, plus r\u00e9centes et parfois in\u00e9dites, viendront enrichir le parcours, notamment une vision<strong> rare du Panth\u00e9on de Rome vid\u00e9 de ses visiteurs en 2020.<\/strong><\/p>\n<p style=\"font-size:16px\"><strong>\u00ab Le Grand Tour \u00bb <\/strong>propose ainsi une d\u00e9ambulation <strong>\u00e0 travers l\u2019Italie<\/strong>, un voyage \u00e0 la fois esth\u00e9tique et introspectif o\u00f9 chaque image raconte une histoire de pierre, d\u2019ombre et de m\u00e9moire. Le vernissage se tiendra en pr\u00e9sence de l\u2019artiste le <strong>vendredi 27 f\u00e9vrier 2026 \u00e0 partir de 18h30<\/strong>, offrant l\u2019occasion d\u2019\u00e9changer autour de cette \u0153uvre construite au fil de quarante ann\u00e9es d\u2019itin\u00e9rance italienne.<\/p>\n<p style=\"font-size:16px\">\u00c0 lire aussi : <a href=\"https:\/\/www.bougerabordeaux.com\/sorties\/concertetfestival\/bordeaux-carnival-2026-trois-jours-de-vibes-tropicales-sans-quitter-la-ville\/\" target=\"_blank\" rel=\"noreferrer noopener nofollow\">Bordeaux Carnival 2026 : trois jours de vibes tropicales sans quitter la ville<\/a><\/p>\n","protected":false},"excerpt":{"rendered":"Jusqu\u2019au 7 mars 2026, Bordeaux accueille l\u2019exposition \u00ab Le Grand Tour \u00bb, une immersion photographique sign\u00e9e\u00a0Ferrante Ferranti. L\u2019artiste&hellip;\n","protected":false},"author":2,"featured_media":745371,"comment_status":"","ping_status":"","sticky":false,"template":"","format":"standard","meta":{"footnotes":"","_share_on_mastodon":"0"},"categories":[2817],"tags":[1111,11,1997,1777,674,1011,27,12,2219,25],"class_list":["post-745370","post","type-post","status-publish","format-standard","has-post-thumbnail","category-bordeaux","tag-actu","tag-actualites","tag-bordeaux","tag-eu","tag-europe","tag-fr","tag-france","tag-news","tag-nouvelle-aquitaine","tag-republique-francaise"],"share_on_mastodon":{"url":"https:\/\/pubeurope.com\/@fr\/116097885514163274","error":""},"_links":{"self":[{"href":"https:\/\/www.europesays.com\/fr\/wp-json\/wp\/v2\/posts\/745370","targetHints":{"allow":["GET"]}}],"collection":[{"href":"https:\/\/www.europesays.com\/fr\/wp-json\/wp\/v2\/posts"}],"about":[{"href":"https:\/\/www.europesays.com\/fr\/wp-json\/wp\/v2\/types\/post"}],"author":[{"embeddable":true,"href":"https:\/\/www.europesays.com\/fr\/wp-json\/wp\/v2\/users\/2"}],"replies":[{"embeddable":true,"href":"https:\/\/www.europesays.com\/fr\/wp-json\/wp\/v2\/comments?post=745370"}],"version-history":[{"count":0,"href":"https:\/\/www.europesays.com\/fr\/wp-json\/wp\/v2\/posts\/745370\/revisions"}],"wp:featuredmedia":[{"embeddable":true,"href":"https:\/\/www.europesays.com\/fr\/wp-json\/wp\/v2\/media\/745371"}],"wp:attachment":[{"href":"https:\/\/www.europesays.com\/fr\/wp-json\/wp\/v2\/media?parent=745370"}],"wp:term":[{"taxonomy":"category","embeddable":true,"href":"https:\/\/www.europesays.com\/fr\/wp-json\/wp\/v2\/categories?post=745370"},{"taxonomy":"post_tag","embeddable":true,"href":"https:\/\/www.europesays.com\/fr\/wp-json\/wp\/v2\/tags?post=745370"}],"curies":[{"name":"wp","href":"https:\/\/api.w.org\/{rel}","templated":true}]}}