{"id":745372,"date":"2026-02-19T14:58:18","date_gmt":"2026-02-19T14:58:18","guid":{"rendered":"https:\/\/www.europesays.com\/fr\/745372\/"},"modified":"2026-02-19T14:58:18","modified_gmt":"2026-02-19T14:58:18","slug":"inondations-en-gironde-bordeaux-et-libourne-transformees-par-la-crue-de-la-garonne","status":"publish","type":"post","link":"https:\/\/www.europesays.com\/fr\/745372\/","title":{"rendered":"Inondations en Gironde : Bordeaux et Libourne transform\u00e9es par la crue de la Garonne"},"content":{"rendered":"<p>    Publi\u00e9 le 19\/02\/2026 15:06<\/p>\n<p>      Mis \u00e0 jour le 19\/02\/2026 15:11<\/p>\n<p>        Temps de lecture : 2min &#8211; vid\u00e9o : 2min<\/p>\n<p>\n  \u00c0 Bordeaux et Libourne, le niveau de la crue a presque atteint le record de 1999, et le plan communal de sauvegarde a \u00e9t\u00e9 activ\u00e9. Il permet de mettre les habitants menac\u00e9s \u00e0 l&rsquo;abri.\n<\/p>\n<p><strong>Ce texte correspond \u00e0 une partie de la retranscription du reportage ci-dessus. Cliquez sur la vid\u00e9o pour la regarder en int\u00e9gralit\u00e9.<\/strong><\/p>\n<p>Au petit matin, jeudi 19 f\u00e9vrier, <a href=\"https:\/\/france3-regions.franceinfo.fr\/nouvelle-aquitaine\/gironde\/bordeaux\/la-garonne-et-la-dordogne-inondent-les-quais-les-images-des-crues-a-bordeaux-et-libourne-3301797.html\" target=\"_blank\" rel=\"noopener nofollow\" data-tooltip-url=\"https:\/\/france3-regions.franceinfo.fr\/nouvelle-aquitaine\/gironde\/bordeaux\/la-garonne-et-la-dordogne-inondent-les-quais-les-images-des-crues-a-bordeaux-et-libourne-3301797.html\">la Garonne d\u00e9borde<\/a> sur les quais de Bordeaux (Gironde) et s&rsquo;approche des commerces. Le pic de cru a \u00e9t\u00e9 atteint peu avant 8 heures. Les habitants avaient beau \u00eatre pr\u00e9venus, la mont\u00e9e des eaux est toujours spectaculaire. \u00ab\u00a0J&rsquo;ai un petit peu d&rsquo;inqui\u00e9tude quand m\u00eame, surtout pour les personnes qui habitent juste \u00e0 c\u00f4t\u00e9\u00a0\u00bb, confie une femme. \u00ab\u00a0C&rsquo;est comme si \u00e7a allait d\u00e9border encore, \u00e7a a baiss\u00e9 mais c&rsquo;est tr\u00e8s impressionnant\u00a0\u00bb, abonde un homme. \u00ab\u00a0On conna\u00eet la force de l&rsquo;eau. Vu la hauteur de la Garonne, on sait que \u00e7a peut emporter beaucoup de choses\u00a0\u00bb, ajoute une passante. <\/p>\n<p>Comme des branches d&rsquo;arbres, charri\u00e9es par le fleuve. De nombreux quartiers ont les pieds dans l&rsquo;eau. La mairie de Bordeaux a d\u00e9clench\u00e9 le plan communal de sauvegarde pour la premi\u00e8re fois depuis la crue historique de 1999. En nombre, les agents sont mobilis\u00e9s pour tenter d&rsquo;\u00e9vacuer l&rsquo;eau. De nombreux axes sont interdits \u00e0 la circulation. \u00ab\u00a0Nous avions la temp\u00eate Pedro qui arrivait, nous avions de forts coefficients de mar\u00e9e, des vents violents. Et toute cette conjugaison d&rsquo;\u00e9v\u00e9nements climatiques un peu extr\u00eames imposait de prendre des mesures\u00a0\u00bb, justifie Pierre Hurmic, le maire (Les \u00c9cologistes) de Bordeaux. <\/p>\n<p>Libourne (Gironde) a \u00e9galement d\u00e9clench\u00e9 son plan de sauvegarde. Malgr\u00e9 les alertes, certains n&rsquo;ont pas jug\u00e9 bon de d\u00e9placer leurs voitures, d\u00e9sormais cern\u00e9es par les flots. L&rsquo;eau est entr\u00e9e dans un parc pour enfants. \u00ab\u00a0C&rsquo;est surprenant. L&rsquo;eau est vraiment mont\u00e9e \u00e0 une vitesse&#8230; Apr\u00e8s, on \u00e9tait au courant qu&rsquo;il y allait avoir de grosses mar\u00e9es, mais c&rsquo;est vrai que c&rsquo;est vraiment mont\u00e9 haut\u00a0\u00bb, commente un habitant. <\/p>\n<p>Des sacs de sable ont \u00e9t\u00e9 distribu\u00e9s aux commer\u00e7ants et aux habitants pour se prot\u00e9ger. Des policiers municipaux font le tour de ce quartier en reconnaissance, pour s&rsquo;assurer que les habitants vont bien. L&rsquo;eau commence \u00e0 se retirer mais, t\u00f4t dans la matin\u00e9e, elle a envahi certaines parcelles. \u00c0 Libourne comme \u00e0 Bordeaux, les pics de crue de 1999 n&rsquo;ont pas \u00e9t\u00e9 d\u00e9pass\u00e9s comme redout\u00e9 par les autorit\u00e9s. Une nouvelle mont\u00e9e des eaux est attendue avec la mar\u00e9e, dans la soir\u00e9e. <\/p>\n","protected":false},"excerpt":{"rendered":"Publi\u00e9 le 19\/02\/2026 15:06 Mis \u00e0 jour le 19\/02\/2026 15:11 Temps de lecture : 2min &#8211; vid\u00e9o :&hellip;\n","protected":false},"author":2,"featured_media":745373,"comment_status":"","ping_status":"","sticky":false,"template":"","format":"standard","meta":{"footnotes":"","_share_on_mastodon":"0"},"categories":[2817],"tags":[1111,11,1997,1777,674,1011,27,12,2219,25],"class_list":["post-745372","post","type-post","status-publish","format-standard","has-post-thumbnail","category-bordeaux","tag-actu","tag-actualites","tag-bordeaux","tag-eu","tag-europe","tag-fr","tag-france","tag-news","tag-nouvelle-aquitaine","tag-republique-francaise"],"share_on_mastodon":{"url":"https:\/\/pubeurope.com\/@fr\/116097889387612082","error":""},"_links":{"self":[{"href":"https:\/\/www.europesays.com\/fr\/wp-json\/wp\/v2\/posts\/745372","targetHints":{"allow":["GET"]}}],"collection":[{"href":"https:\/\/www.europesays.com\/fr\/wp-json\/wp\/v2\/posts"}],"about":[{"href":"https:\/\/www.europesays.com\/fr\/wp-json\/wp\/v2\/types\/post"}],"author":[{"embeddable":true,"href":"https:\/\/www.europesays.com\/fr\/wp-json\/wp\/v2\/users\/2"}],"replies":[{"embeddable":true,"href":"https:\/\/www.europesays.com\/fr\/wp-json\/wp\/v2\/comments?post=745372"}],"version-history":[{"count":0,"href":"https:\/\/www.europesays.com\/fr\/wp-json\/wp\/v2\/posts\/745372\/revisions"}],"wp:featuredmedia":[{"embeddable":true,"href":"https:\/\/www.europesays.com\/fr\/wp-json\/wp\/v2\/media\/745373"}],"wp:attachment":[{"href":"https:\/\/www.europesays.com\/fr\/wp-json\/wp\/v2\/media?parent=745372"}],"wp:term":[{"taxonomy":"category","embeddable":true,"href":"https:\/\/www.europesays.com\/fr\/wp-json\/wp\/v2\/categories?post=745372"},{"taxonomy":"post_tag","embeddable":true,"href":"https:\/\/www.europesays.com\/fr\/wp-json\/wp\/v2\/tags?post=745372"}],"curies":[{"name":"wp","href":"https:\/\/api.w.org\/{rel}","templated":true}]}}