{"id":745374,"date":"2026-02-19T14:59:11","date_gmt":"2026-02-19T14:59:11","guid":{"rendered":"https:\/\/www.europesays.com\/fr\/745374\/"},"modified":"2026-02-19T14:59:11","modified_gmt":"2026-02-19T14:59:11","slug":"voici-quand-il-devrait-repasser-devant-les-juges","status":"publish","type":"post","link":"https:\/\/www.europesays.com\/fr\/745374\/","title":{"rendered":"voici quand il devrait repasser devant les juges"},"content":{"rendered":"<p>                    Par<br \/>\n        <strong><br \/>\n            <a href=\"https:\/\/actu.fr\/auteur\/lucie-2\" title=\"Consulter tous les articles de Lucie Fraisse\" rel=\"nofollow noopener\" target=\"_blank\">Lucie Fraisse<\/a><br \/>\n                    <\/strong><\/p>\n<p>        Publi\u00e9 le<\/p>\n<p>            19 f\u00e9vr. 2026 \u00e0 15h39        <\/p>\n<p>On en sait plus sur la date du proc\u00e8s en appel de C\u00e9dric Jubillar.<a href=\"https:\/\/actu.fr\/occitanie\/albi_81004\/cedric-jubillar-reconnu-coupable-du-meurtre-de-sa-femme-delphine-et-condamne-a-30-ans-de-prison_63312619.html\" rel=\"nofollow noopener\" target=\"_blank\"> Condamn\u00e9 en octobre\u00a02025 \u00e0 30\u00a0ans de prison<\/a> pour le meurtre de son \u00e9pouse Delphine,<a href=\"https:\/\/actu.fr\/occitanie\/toulouse_31555\/nouvel-avocat-preparation-du-proces-en-appel-les-dernieres-infos-sur-l-affaire-jubillar_63735166.html\" rel=\"nofollow noopener\" target=\"_blank\"> ses avocats<\/a> avaient fait appel de la d\u00e9cision et avaient \u00e9t\u00e9 rejoints par le minist\u00e8re public, ouvrant la voie \u00e0 un nouveau proc\u00e8s.<\/p>\n<p>Deux dates de d\u00e9but d\u2019audience sur la table<\/p>\n<p class=\" wall-content\">Selon la loi, ce nouveau proc\u00e8s doit se tenir<strong> dans un d\u00e9lai d\u2019un an<\/strong> apr\u00e8s la premi\u00e8re condamnation. Et ce sera bien le cas\u2009: selon nos informations, deux dates de d\u00e9but d\u2019audiences sont aujourd\u2019hui sur la table.<\/p>\n<p class=\" wall-content\">Les audiences commenceront <strong>soit le 21\u00a0septembre 2026, soit le 28\u00a0septembre 2026<\/strong>. Soit presque un an apr\u00e8s le premier proc\u00e8s, qui avait d\u00e9but\u00e9 le lundi 22\u00a0septembre 2025.<\/p>\n<p>Face \u00e0 neuf jur\u00e9s et trois magistrats<\/p>\n<p class=\" wall-content\">Alors que le proc\u00e8s en premi\u00e8re instance s\u2019est d\u00e9roul\u00e9 aux assises d\u2019Albi, l\u2019audience en appel, elle, se tiendra \u00e0 Toulouse, comme l\u2019a confirm\u00e9 la Cour d\u2019appel le jeudi 22 janvier 2026<\/p>\n<p>Vid\u00e9os : en ce moment sur Actu<\/p>\n<p class=\" wall-content\">C\u00e9dric Jubillar devrait y \u00eatre repr\u00e9sent\u00e9 <a href=\"https:\/\/actu.fr\/occitanie\/toulouse_31555\/on-l-a-presente-comme-un-sale-type-le-nouvel-avocat-de-cedric-jubillar-deploie-sa-strategie_63813064.html\" rel=\"nofollow noopener\" target=\"_blank\">par son nouvel avocat, Me Pierre Debuisson<\/a>. Il aura face \u00e0 lui neuf jur\u00e9s et trois magistrats, <strong>soit trois jur\u00e9s de plus qu\u2019aux assises<\/strong>. Un minimum de sept voix sur neuf avait \u00e9t\u00e9 n\u00e9cessaire pour le condamner en premi\u00e8re instance, il en faudra au moins huit sur douze pour le reconna\u00eetre \u00e0 nouveau coupable.<\/p>\n<p>Votre r\u00e9gion, votre actu !<\/p>\n<p>Recevez chaque jour les infos qui comptent pour vous.<\/p>\n<p>\t<a href=\"https:\/\/actu.fr\/newsletter\" class=\"ac-btn ac-btn--corner ac-btn--medium ac-btn--blue800\" rel=\"nofollow noopener\" target=\"_blank\">S&rsquo;incrire<\/a><\/p>\n<p class=\" wall-content\">Le proc\u00e8s en appel devrait s\u2019\u00e9tirer sur quatre semaines. En attendant, C\u00e9dric Jubillar est \u00e0 nouveau pr\u00e9sum\u00e9 innocent.<\/p>\n<p class=\" wall-content\">Personnalisez votre actualit\u00e9 en ajoutant vos villes et m\u00e9dias en favori avec <a href=\"https:\/\/moncompte.actu.fr\" title=\"D\u00e9couvez Mon Actu\" rel=\"nofollow noopener\" data-trk=\"{&quot;cta&quot;:{&quot;action&quot;:&quot;https:\\\/\\\/moncompte.actu.fr&quot;,&quot;category&quot;:&quot;mon compte&quot;,&quot;from&quot;:&quot;article footer&quot;,&quot;name&quot;:&quot;Mon actu&quot;,&quot;type&quot;:&quot;cta&quot;}}\" target=\"_blank\">Mon Actu<\/a>.<\/p>\n","protected":false},"excerpt":{"rendered":"Par Lucie Fraisse Publi\u00e9 le 19 f\u00e9vr. 2026 \u00e0 15h39 On en sait plus sur la date du&hellip;\n","protected":false},"author":2,"featured_media":745375,"comment_status":"","ping_status":"","sticky":false,"template":"","format":"standard","meta":{"footnotes":"","_share_on_mastodon":"0"},"categories":[2816],"tags":[1111,11,38151,1777,674,118,1011,27,12,2680,25,2312],"class_list":["post-745374","post","type-post","status-publish","format-standard","has-post-thumbnail","category-toulouse","tag-actu","tag-actualites","tag-affaire-delphine-jubillar","tag-eu","tag-europe","tag-faits-divers","tag-fr","tag-france","tag-news","tag-occitanie","tag-republique-francaise","tag-toulouse"],"share_on_mastodon":{"url":"https:\/\/pubeurope.com\/@fr\/116097893313761152","error":""},"_links":{"self":[{"href":"https:\/\/www.europesays.com\/fr\/wp-json\/wp\/v2\/posts\/745374","targetHints":{"allow":["GET"]}}],"collection":[{"href":"https:\/\/www.europesays.com\/fr\/wp-json\/wp\/v2\/posts"}],"about":[{"href":"https:\/\/www.europesays.com\/fr\/wp-json\/wp\/v2\/types\/post"}],"author":[{"embeddable":true,"href":"https:\/\/www.europesays.com\/fr\/wp-json\/wp\/v2\/users\/2"}],"replies":[{"embeddable":true,"href":"https:\/\/www.europesays.com\/fr\/wp-json\/wp\/v2\/comments?post=745374"}],"version-history":[{"count":0,"href":"https:\/\/www.europesays.com\/fr\/wp-json\/wp\/v2\/posts\/745374\/revisions"}],"wp:featuredmedia":[{"embeddable":true,"href":"https:\/\/www.europesays.com\/fr\/wp-json\/wp\/v2\/media\/745375"}],"wp:attachment":[{"href":"https:\/\/www.europesays.com\/fr\/wp-json\/wp\/v2\/media?parent=745374"}],"wp:term":[{"taxonomy":"category","embeddable":true,"href":"https:\/\/www.europesays.com\/fr\/wp-json\/wp\/v2\/categories?post=745374"},{"taxonomy":"post_tag","embeddable":true,"href":"https:\/\/www.europesays.com\/fr\/wp-json\/wp\/v2\/tags?post=745374"}],"curies":[{"name":"wp","href":"https:\/\/api.w.org\/{rel}","templated":true}]}}