{"id":745392,"date":"2026-02-19T15:10:13","date_gmt":"2026-02-19T15:10:13","guid":{"rendered":"https:\/\/www.europesays.com\/fr\/745392\/"},"modified":"2026-02-19T15:10:13","modified_gmt":"2026-02-19T15:10:13","slug":"abeille-verte-accelere-son-developpement-et-mise-sur-linnovation","status":"publish","type":"post","link":"https:\/\/www.europesays.com\/fr\/745392\/","title":{"rendered":"Abeille Verte acc\u00e9l\u00e8re son d\u00e9veloppement et mise sur l\u2019innovation"},"content":{"rendered":"<p>Abeille Verte mise sur Franchise Expo Paris 2026 pour recruter <\/p>\n<p>\u00c0 l\u2019occasion de Franchise Expo Paris 2026, organis\u00e9 du 14 au 16 mars au Parc des expositions de la Porte de Versailles, Abeille Verte confirme sa volont\u00e9 d\u2019ancrer durablement sa pr\u00e9sence dans les grands rendez-vous d\u00e9di\u00e9s \u00e0 la franchise.\n<\/p>\n<p>La participation du r\u00e9seau s\u2019inscrit dans une strat\u00e9gie claire : renforcer sa notori\u00e9t\u00e9, faire d\u00e9couvrir son nouveau mat\u00e9riel innovant et recruter de nouveaux candidats. Le salon permettra \u00e9galement de tester la r\u00e9action des visiteurs face au concept et \u00e0 ses perspectives de d\u00e9veloppement.<\/p>\n<p>Sur place, Francis Moreau, fondateur du r\u00e9seau et du site pilote, sera pr\u00e9sent aux c\u00f4t\u00e9s de Ludovic Paton, franchis\u00e9 \u00e0 Tours, et d\u2019Anthony Jaud, franchis\u00e9 \u00e0 Nantes. Ces deux derniers interviendront \u00e9galement sur l\u2019espace Meet &amp; Speak pour partager leur exp\u00e9rience d\u2019int\u00e9gration au sein du r\u00e9seau. <\/p>\n<p>Abeille Verte met en avant \u201cLa Ruche\u201d et un concept \u00e9co-responsable \u00e0 fort potentiel <\/p>\n<p>Pendant ces trois jours, Abeille Verte mettra en avant son tout nouveau mat\u00e9riel \u00ab La Ruche \u00bb, symbole de son innovation, ainsi que son positionnement \u00e9co-responsable. Le r\u00e9seau entend aussi souligner le potentiel business \u00e9lev\u00e9 de son concept et la possibilit\u00e9 de rejoindre l\u2019enseigne rapidement une fois la d\u00e9cision prise.\n<\/p>\n<p>La dimension humaine constituera un axe fort de cette participation. Les visiteurs auront l\u2019opportunit\u00e9 de rencontrer directement le fondateur et des franchis\u00e9s en activit\u00e9, un atout d\u00e9cisif pour mieux comprendre la r\u00e9alit\u00e9 du terrain au-del\u00e0 des supports traditionnels.<\/p>\n<p>Une signature de nouveau franchis\u00e9 est d\u2019ailleurs pr\u00e9vue sur le stand, illustrant la dynamique actuelle du r\u00e9seau. Abeille Verte vise une trentaine d\u2019\u00e9changes qualifi\u00e9s, dont deux candidats susceptibles de rejoindre le r\u00e9seau \u00e0 moyen terme.<\/p>\n<p>Les porteurs de projet peuvent d\u00e8s \u00e0 pr\u00e9sent prendre rendez-vous avec l\u2019\u00e9quipe en amont de l\u2019\u00e9v\u00e9nement. <\/p>\n<p>Abeille Verte confirme sa strat\u00e9gie de d\u00e9veloppement \u00e9v\u00e9nementiel en 2026 <\/p>\n<p>La pr\u00e9sence \u00e0 Franchise Expo Paris s\u2019inscrit dans une volont\u00e9 d\u2019assurer une participation r\u00e9guli\u00e8re aux \u00e9v\u00e9nements majeurs d\u00e9di\u00e9s \u00e0 la franchise et \u00e0 ce type de business.\n<\/p>\n<p>Dans cette dynamique, Abeille Verte pr\u00e9voit \u00e9galement de participer au Forum Franchise d\u2019Arras le 4 juin 2026, confirmant ainsi son ambition de poursuivre activement son d\u00e9veloppement sur le territoire.<\/p>\n","protected":false},"excerpt":{"rendered":"Abeille Verte mise sur Franchise Expo Paris 2026 pour recruter \u00c0 l\u2019occasion de Franchise Expo Paris 2026, organis\u00e9&hellip;\n","protected":false},"author":2,"featured_media":745393,"comment_status":"","ping_status":"","sticky":false,"template":"","format":"standard","meta":{"footnotes":"","_share_on_mastodon":"0"},"categories":[1888],"tags":[1111,1928,11,1927,1777,674,1011,27,12,1926,626,1925,25],"class_list":["post-745392","post","type-post","status-publish","format-standard","has-post-thumbnail","category-paris","tag-actu","tag-actu-paris","tag-actualites","tag-actualites-paris","tag-eu","tag-europe","tag-fr","tag-france","tag-news","tag-news-paris","tag-paris","tag-paris-news","tag-republique-francaise"],"share_on_mastodon":{"url":"https:\/\/pubeurope.com\/@fr\/116097936525150598","error":""},"_links":{"self":[{"href":"https:\/\/www.europesays.com\/fr\/wp-json\/wp\/v2\/posts\/745392","targetHints":{"allow":["GET"]}}],"collection":[{"href":"https:\/\/www.europesays.com\/fr\/wp-json\/wp\/v2\/posts"}],"about":[{"href":"https:\/\/www.europesays.com\/fr\/wp-json\/wp\/v2\/types\/post"}],"author":[{"embeddable":true,"href":"https:\/\/www.europesays.com\/fr\/wp-json\/wp\/v2\/users\/2"}],"replies":[{"embeddable":true,"href":"https:\/\/www.europesays.com\/fr\/wp-json\/wp\/v2\/comments?post=745392"}],"version-history":[{"count":0,"href":"https:\/\/www.europesays.com\/fr\/wp-json\/wp\/v2\/posts\/745392\/revisions"}],"wp:featuredmedia":[{"embeddable":true,"href":"https:\/\/www.europesays.com\/fr\/wp-json\/wp\/v2\/media\/745393"}],"wp:attachment":[{"href":"https:\/\/www.europesays.com\/fr\/wp-json\/wp\/v2\/media?parent=745392"}],"wp:term":[{"taxonomy":"category","embeddable":true,"href":"https:\/\/www.europesays.com\/fr\/wp-json\/wp\/v2\/categories?post=745392"},{"taxonomy":"post_tag","embeddable":true,"href":"https:\/\/www.europesays.com\/fr\/wp-json\/wp\/v2\/tags?post=745392"}],"curies":[{"name":"wp","href":"https:\/\/api.w.org\/{rel}","templated":true}]}}