{"id":745396,"date":"2026-02-19T15:12:16","date_gmt":"2026-02-19T15:12:16","guid":{"rendered":"https:\/\/www.europesays.com\/fr\/745396\/"},"modified":"2026-02-19T15:12:16","modified_gmt":"2026-02-19T15:12:16","slug":"gerard-depardieu-brade-son-hotel-particulier-un-rabais-inattendu-au-coeur-de-paris","status":"publish","type":"post","link":"https:\/\/www.europesays.com\/fr\/745396\/","title":{"rendered":"G\u00e9rard Depardieu brade son h\u00f4tel particulier\u00a0: un rabais inattendu au c\u0153ur de Paris"},"content":{"rendered":"<p>Dans le tr\u00e8s recherch\u00e9 6\u1d49 arrondissement de <strong>Paris<\/strong>, la vente du bien de l\u2019acteur, situ\u00e9 <strong>rue du Cherche-Midi<\/strong>, a connu une trajectoire inattendue. <a href=\"https:\/\/www.cfnewsimmo.net\/L-actualite\/Transactions\/Gerard-Depardieu-s-allege-de-son-hotel-particulier-parisien-495930\" target=\"_blank\" rel=\"nofollow noopener\">Selon <strong>CF News Immo<\/strong>, Depardieu a d\u00fb revoir ses ambitions \u00e0 la baisse apr\u00e8s des ann\u00e9es de blocage.<\/a><\/p>\n<p>Un \u00e9cart colossal entre prix demand\u00e9 et prix final<\/p>\n<p>La propri\u00e9t\u00e9 a finalement \u00e9t\u00e9 c\u00e9d\u00e9e pour <strong>22,6\u00a0millions d\u2019euros<\/strong>, loin des <strong>50\u00a0millions<\/strong> r\u00e9clam\u00e9s \u00e0 son arriv\u00e9e sur le march\u00e9 en 2012. L\u2019acheteur est <strong>Quantum Capital Funds<\/strong>, un fonds immobilier dirig\u00e9 par le Fran\u00e7ais <strong>Gad Rebot<\/strong>. Un ensemble de <strong>1\u00a0800\u00a0m\u00b2<\/strong>, 20 pi\u00e8ces, dont 10 chambres\u00a0: un bien rare, mais manifestement sur\u00e9valu\u00e9.<\/p>\n<p>Un investissement lourd, mais un prix difficile \u00e0 justifier<\/p>\n<p>Au milieu des ann\u00e9es 1990, Depardieu avait acquis l\u2019ancien <strong>h\u00f4tel de Chambon<\/strong> pour <strong>25\u00a0millions de francs<\/strong>, avant d\u2019y engager plus d\u2019un million d\u2019euros de travaux. Un investissement important, mais insuffisant pour justifier la mise en vente record qui a longtemps frein\u00e9 les n\u00e9gociations.<\/p>\n<p>Un contexte personnel devenu d\u00e9favorable<\/p>\n<p>Les multiples affaires m\u00e9diatiques, judiciaires et fiscales entourant l\u2019acteur ces derni\u00e8res ann\u00e9es ont aussi pes\u00e9 sur l\u2019op\u00e9ration. Un climat charg\u00e9, loin d\u2019inciter les acheteurs \u00e0 se positionner rapidement sur un bien d\u00e9j\u00e0 per\u00e7u comme difficile \u00e0 vendre.<\/p>\n<p>Un quartier en transition qui refroidit les acheteurs<\/p>\n<p>Le secteur lui-m\u00eame a \u00e9volu\u00e9. D\u2019apr\u00e8s CF News Immo, l\u2019environnement imm\u00e9diat est d\u00e9sormais associ\u00e9 \u00e0 plusieurs projets sociaux\u00a0: cr\u00e8che, colocations d\u00e9di\u00e9es \u00e0 des personnes en situation de polyhandicap lourd, foyer pour mamans en difficult\u00e9\u2026 Autant d\u2019am\u00e9nagements qui auraient rendu certains acqu\u00e9reurs fortun\u00e9s plus h\u00e9sitants.<\/p>\n","protected":false},"excerpt":{"rendered":"Dans le tr\u00e8s recherch\u00e9 6\u1d49 arrondissement de Paris, la vente du bien de l\u2019acteur, situ\u00e9 rue du Cherche-Midi,&hellip;\n","protected":false},"author":2,"featured_media":745397,"comment_status":"","ping_status":"","sticky":false,"template":"","format":"standard","meta":{"footnotes":"","_share_on_mastodon":"0"},"categories":[1888],"tags":[11,1777,674,1011,27,12,626,25],"class_list":["post-745396","post","type-post","status-publish","format-standard","has-post-thumbnail","category-paris","tag-actualites","tag-eu","tag-europe","tag-fr","tag-france","tag-news","tag-paris","tag-republique-francaise"],"share_on_mastodon":{"url":"https:\/\/pubeurope.com\/@fr\/116097944523927667","error":""},"_links":{"self":[{"href":"https:\/\/www.europesays.com\/fr\/wp-json\/wp\/v2\/posts\/745396","targetHints":{"allow":["GET"]}}],"collection":[{"href":"https:\/\/www.europesays.com\/fr\/wp-json\/wp\/v2\/posts"}],"about":[{"href":"https:\/\/www.europesays.com\/fr\/wp-json\/wp\/v2\/types\/post"}],"author":[{"embeddable":true,"href":"https:\/\/www.europesays.com\/fr\/wp-json\/wp\/v2\/users\/2"}],"replies":[{"embeddable":true,"href":"https:\/\/www.europesays.com\/fr\/wp-json\/wp\/v2\/comments?post=745396"}],"version-history":[{"count":0,"href":"https:\/\/www.europesays.com\/fr\/wp-json\/wp\/v2\/posts\/745396\/revisions"}],"wp:featuredmedia":[{"embeddable":true,"href":"https:\/\/www.europesays.com\/fr\/wp-json\/wp\/v2\/media\/745397"}],"wp:attachment":[{"href":"https:\/\/www.europesays.com\/fr\/wp-json\/wp\/v2\/media?parent=745396"}],"wp:term":[{"taxonomy":"category","embeddable":true,"href":"https:\/\/www.europesays.com\/fr\/wp-json\/wp\/v2\/categories?post=745396"},{"taxonomy":"post_tag","embeddable":true,"href":"https:\/\/www.europesays.com\/fr\/wp-json\/wp\/v2\/tags?post=745396"}],"curies":[{"name":"wp","href":"https:\/\/api.w.org\/{rel}","templated":true}]}}