{"id":745404,"date":"2026-02-19T15:16:14","date_gmt":"2026-02-19T15:16:14","guid":{"rendered":"https:\/\/www.europesays.com\/fr\/745404\/"},"modified":"2026-02-19T15:16:14","modified_gmt":"2026-02-19T15:16:14","slug":"a-londres-des-britanniques-accueillent-avec-joie-larrestation-dandrew","status":"publish","type":"post","link":"https:\/\/www.europesays.com\/fr\/745404\/","title":{"rendered":"\u00e0 Londres, des Britanniques accueillent avec joie l&rsquo;arrestation d&rsquo;Andrew"},"content":{"rendered":"<p>Au Royaume-Uni, la disgr\u00e2ce sans fin de l&rsquo;ex-prince Andrew, arr\u00eat\u00e9 ce jeudi matin pour avoir transmis des documents confidentiels \u00e0 Esptein, semble satisfaire les Britanniques, en qu\u00eate de plus de transparence de la part de la monarchie.<\/p>\n<p>\u00ab\u00a0Il le m\u00e9rite!\u00a0\u00bb: dans les rues de Londres, des Britanniques se f\u00e9licitent jeudi de l&rsquo;arrestation de<a href=\"https:\/\/www.bfmtv.com\/people\/tetes-couronnees\/l-ex-prince-andrew-arrete-est-ce-une-premiere-dans-l-histoire-de-la-famille-royale-britannique_AV-202602190615.html\" title=\"L&#039;ex-prince Andrew arr\u00eat\u00e9: est-ce une premi\u00e8re dans l&#039;histoire de la famille royale britannique?\" class=\"internal_link\" rel=\"nofollow noopener\" target=\"_blank\"> l&rsquo;ex-prince Andrew<\/a>, \u00ab\u00a0un message fort\u00a0\u00bb montrant selon eux que le fr\u00e8re du<a href=\"https:\/\/www.bfmtv.com\/people\/tetes-couronnees\/l-ex-prince-andrew-arrete-pour-le-roi-charles-iii-la-justice-doit-suivre-son-cours_AP-202602190556.html\" title=\"L&#039;ex-prince Andrew arr\u00eat\u00e9: pour le roi Charles III, &quot;la justice doit suivre son cours&quot;\" class=\"internal_link\" rel=\"nofollow noopener\" target=\"_blank\"> roi Charles III<\/a> et la famille royale ne sont pas au-dessus des lois.<\/p>\n<p>\u00ab\u00a0Je suis ravie\u00a0\u00bb, dit en souriant \u00e0 l&rsquo;AFP Emma Carter, avocate. \u00ab\u00a0Il aurait d\u00fb \u00eatre arr\u00eat\u00e9 il y a d\u00e9j\u00e0 longtemps, franchement\u00a0\u00bb, poursuit cette femme de 55 ans, interrog\u00e9e par l&rsquo;AFP dans le quartier de la City.<\/p>\n<p>Son arrestation est \u00ab\u00a0un message fort. Il le m\u00e9rite!\u00a0\u00bb, dit-elle encore. Pour elle, l&rsquo;ex-prince \u00ab\u00a0s&rsquo;est cach\u00e9 pendant des ann\u00e9es <a href=\"https:\/\/www.bfmtv.com\/people\/tetes-couronnees\/immature-gate-obsede-ami-de-jeffrey-epstein-andrew-l-ex-prince-chouchou-devenu-radioactif-pour-le-roi-charles-iii_GN-202510310584.html\" title=\"&quot;Immature&quot;, &quot;g\u00e2t\u00e9&quot;, &quot;obs\u00e9d\u00e9&quot;, ami de Jeffrey Epstein: Andrew, l&#039;ex-prince chouchou devenu radioactif pour le roi Charles III\" class=\"internal_link\" rel=\"nofollow noopener\" target=\"_blank\">derri\u00e8re ses privil\u00e8ges et la popularit\u00e9 de sa m\u00e8re<\/a>, la reine Elizabeth II\u00a0\u00bb, d\u00e9c\u00e9d\u00e9e en septembre 2022.<\/p>\n<p>Maggie Yeo, une retrait\u00e9e de 59 ans, a aussi accueilli la nouvelle avec un grand sourire.<\/p>\n<blockquote class=\"embed embed_quote\"><p>\u00ab\u00a0Je pensais qu&rsquo;ils (la famille royale, ndlr) \u00e9taient intouchables\u00a0\u00bb, dit-elle. \u00ab\u00a0C&rsquo;est bien de savoir qu&rsquo;ils ne sont pas au-dessus des lois. (&#8230;) Au moins, la justice britannique fonctionne\u00a0\u00bb.<\/p><\/blockquote>\n<p>Jennifer Tiso, data analyste de 39 ans, s&rsquo;est elle r\u00e9jouie qu&rsquo;apr\u00e8s des arrestations de \u00ab\u00a0rock stars et superstars, cela touche maintenant des sph\u00e8res plus \u00e9lev\u00e9es, comme la famille royale\u00a0\u00bb.<\/p>\n<p>Satisfaction perceptible<\/p>\n<p>Beaucoup de Britanniques semblaient en effet parier sur une impunit\u00e9 de la famille royale: un sondage de l&rsquo;institut Yougov publi\u00e9 lundi indiquait que pr\u00e8s des deux-tiers des Britanniques (62%) jugeaient \u00ab\u00a0improbable\u00a0\u00bb que l&rsquo;ex-prince, qui a toujours d\u00e9menti les accusations contre lui, pourrait \u00eatre inculp\u00e9.<\/p>\n<p><img decoding=\"async\" src=\"https:\/\/www.europesays.com\/fr\/wp-content\/uploads\/2025\/12\/principale-255_3.jpg\"  alt=\"Affaire Epstein: apr\u00e8s les nouvelles r\u00e9v\u00e9lations sur Andrew, la couronne britannique vit-elle la pire crise de son histoire?\" title=\"Affaire Epstein: apr\u00e8s les nouvelles r\u00e9v\u00e9lations sur Andrew, la couronne britannique vit-elle la pire crise de son histoire?\"\/>Affaire Epstein: apr\u00e8s les nouvelles r\u00e9v\u00e9lations sur Andrew, la couronne britannique vit-elle la pire crise de son histoire?<\/p>\n<p>La satisfaction perceptible jeudi dans les rues de Londres \u00e0 l&rsquo;annonce de l&rsquo;arrestation d&rsquo;Andrew illustre aussi la forte impopularit\u00e9 qui entoure le fr\u00e8re du roi, depuis des ann\u00e9es que rebondit le scandale autour de son amiti\u00e9 avec le p\u00e9docriminel am\u00e9ricain Jeffrey Epstein.<\/p>\n<p>Kevin, un retrait\u00e9 de Salisbury qui lui non plus ne cache pas sa joie apr\u00e8s l&rsquo;arrestation, d\u00e9clare ainsi ne \u00ab\u00a0pas aimer du tout\u00a0\u00bb Andrew, qu&rsquo;il juge \u00ab\u00a0arrogant\u00a0\u00bb, \u00ab\u00a0pas intelligent\u00a0\u00bb.<\/p>\n<p>\u00ab\u00a0Je n&rsquo;ai rien contre la famille royale. Mais lui ne donne vraiment pas le bon exemple\u00a0\u00bb, estime cet homme qui n&rsquo;a pas voulu donner son nom de famille.<\/p>\n<p>Pour lui, Andrew, qui fut envoy\u00e9 sp\u00e9cial du Royaume-Uni pour le commerce international de 2001 \u00e0 2011, \u00ab\u00a0doit \u00eatre interrog\u00e9 sur \u00e7a, c&rsquo;est important\u00a0\u00bb, estime Kevin. \u00ab\u00a0Cela implique des contrats, de l&rsquo;argent, des relations diplomatiques avec d&rsquo;autres pays\u00a0\u00bb, souligne-t-il.<\/p>\n<p>\u00ab\u00a0D\u00e9sol\u00e9e pour le roi Charles\u00a0\u00bb<\/p>\n<p>Reste qu&rsquo;Andrew a \u00e9t\u00e9 arr\u00eat\u00e9 en raison d&rsquo;all\u00e9gations selon lesquelles il a transmis des informations confidentielles \u00e0 Jeffrey Epstein lorsqu&rsquo;il \u00e9tait \u00e9missaire au commerce. Et pas pour d&rsquo;autres soup\u00e7ons qui planent sur lui depuis des ann\u00e9es, actuellement \u00ab\u00a0\u00e9valu\u00e9s\u00a0\u00bb par la police britannique, selon lesquelles il aurait eu au Royaume-Uni des relations sexuelles avec des jeunes femmes que lui aurait envoy\u00e9es Jeffrey Epstein.<\/p>\n<p>Emma Carter, l&rsquo;avocate, a dit jeudi avoir une pens\u00e9e pour \u00ab\u00a0ces victimes\u00a0\u00bb, estimant malgr\u00e9 tout que l&rsquo;arrestation \u00e9tait \u00ab\u00a0une bonne chose pour elles\u00a0\u00bb.<\/p>\n<p>Cette Londonienne s&rsquo;est dit par ailleurs \u00ab\u00a0d\u00e9sol\u00e9e pour le roi Charles III, qui souffre d&rsquo;un cancer et n&rsquo;\u00e9tait probablement pas totalement au courant du pass\u00e9 de son fr\u00e8re\u00a0\u00bb.<\/p>\n","protected":false},"excerpt":{"rendered":"Au Royaume-Uni, la disgr\u00e2ce sans fin de l&rsquo;ex-prince Andrew, arr\u00eat\u00e9 ce jeudi matin pour avoir transmis des documents&hellip;\n","protected":false},"author":2,"featured_media":745405,"comment_status":"","ping_status":"","sticky":false,"template":"","format":"standard","meta":{"footnotes":"","_share_on_mastodon":"0"},"categories":[1588],"tags":[11,1777,674,12,473,1853,1851,1850,1852],"class_list":["post-745404","post","type-post","status-publish","format-standard","has-post-thumbnail","category-royaume-uni","tag-actualites","tag-eu","tag-europe","tag-news","tag-royaume-uni","tag-royaume-uni-de-grande-bretagne-et-dirlande-du-nord","tag-uk","tag-united-kingdom","tag-united-kingdom-of-great-britain-and-northern-ireland"],"share_on_mastodon":{"url":"https:\/\/pubeurope.com\/@fr\/116097960274795027","error":""},"_links":{"self":[{"href":"https:\/\/www.europesays.com\/fr\/wp-json\/wp\/v2\/posts\/745404","targetHints":{"allow":["GET"]}}],"collection":[{"href":"https:\/\/www.europesays.com\/fr\/wp-json\/wp\/v2\/posts"}],"about":[{"href":"https:\/\/www.europesays.com\/fr\/wp-json\/wp\/v2\/types\/post"}],"author":[{"embeddable":true,"href":"https:\/\/www.europesays.com\/fr\/wp-json\/wp\/v2\/users\/2"}],"replies":[{"embeddable":true,"href":"https:\/\/www.europesays.com\/fr\/wp-json\/wp\/v2\/comments?post=745404"}],"version-history":[{"count":0,"href":"https:\/\/www.europesays.com\/fr\/wp-json\/wp\/v2\/posts\/745404\/revisions"}],"wp:featuredmedia":[{"embeddable":true,"href":"https:\/\/www.europesays.com\/fr\/wp-json\/wp\/v2\/media\/745405"}],"wp:attachment":[{"href":"https:\/\/www.europesays.com\/fr\/wp-json\/wp\/v2\/media?parent=745404"}],"wp:term":[{"taxonomy":"category","embeddable":true,"href":"https:\/\/www.europesays.com\/fr\/wp-json\/wp\/v2\/categories?post=745404"},{"taxonomy":"post_tag","embeddable":true,"href":"https:\/\/www.europesays.com\/fr\/wp-json\/wp\/v2\/tags?post=745404"}],"curies":[{"name":"wp","href":"https:\/\/api.w.org\/{rel}","templated":true}]}}