{"id":74543,"date":"2025-05-04T15:40:11","date_gmt":"2025-05-04T15:40:11","guid":{"rendered":"https:\/\/www.europesays.com\/fr\/74543\/"},"modified":"2025-05-04T15:40:11","modified_gmt":"2025-05-04T15:40:11","slug":"requin-echoue-fete-de-la-soupe-metro-interrompu-les-infos-de-la-semaine-a-lille-et-dans-le-nord","status":"publish","type":"post","link":"https:\/\/www.europesays.com\/fr\/74543\/","title":{"rendered":"Requin \u00e9chou\u00e9, f\u00eate de la soupe, m\u00e9tro interrompu&#8230; Les infos de la semaine \u00e0 Lille et dans le Nord"},"content":{"rendered":"<p>            Par<br \/>\n        <strong><br \/>\n            <a href=\"https:\/\/actu.fr\/auteur\/margot-nicodeme\" title=\"Consulter tous les articles de Margot Nicod\u00e8me\" target=\"_blank\" rel=\"noopener\">Margot Nicod\u00e8me<\/a><br \/>\n        <\/strong><\/p>\n<p>        Publi\u00e9 le<\/p>\n<p>            4 mai 2025 \u00e0 17h30        <\/p>\n<p>Les journ\u00e9es estivales de cette semaine du 28 avril et le 1er mai vous ont tenus \u00e9loign\u00e9s des \u00e9crans ? On ne peut pas vous en vouloir, et<b> le traditionnel r\u00e9cap\u2019 des actualit\u00e9s marquantes<\/b> des derniers jours sera d\u2019autant plus utile. Que ne fallait-il pas manquer \u00e0 Lille et dans le Nord ? D\u00e9couverte d\u2019un requin, perturbations \u00e0 venir sur la ligne de m\u00e9tro, grand d\u00e9fil\u00e9 de la Lib\u00e9ration, Roubaisien \u00e0 l\u2019id\u00e9e ing\u00e9nieuse pour faciliter l\u2019acc\u00e8s \u00e0 la propri\u00e9t\u00e9\u2026 Voici un r\u00e9sum\u00e9.<\/p>\n<p class=\" wall-content\"><a href=\"https:\/\/actu.fr\/hauts-de-france\/bray-dunes_59107\/bray-dunes-un-requin-retrouve-echoue-sur-la-plage-y-a-t-il-un-danger-pour-les-baigneurs_62574514.html\" target=\"_blank\" rel=\"noopener\">Bray-Dunes : un requin retrouv\u00e9 \u00e9chou\u00e9 sur la plage, y a-t-il un danger pour les baigneurs ?<\/a><\/p>\n<p class=\" wall-content\">Un requin a \u00e9t\u00e9 retrouv\u00e9 mort sur la plage de Bray-Dunes lundi 28 avril 2025. Les baigneurs doivent-ils s\u2019inqui\u00e9ter de la pr\u00e9sence de requins dans les eaux du Nord ? On vous dit tout.<\/p>\n<p class=\" wall-content\"><a href=\"https:\/\/actu.fr\/hauts-de-france\/la-madeleine_59368\/video-grand-defile-et-expo-de-vehicules-militaires-pour-les-80-ans-de-la-liberation-a-la-madeleine_62593185.html\" target=\"_blank\" rel=\"noopener\">[VID\u00c9O] Grand d\u00e9fil\u00e9 et expo de v\u00e9hicules militaires pour les 80 ans de la Lib\u00e9ration \u00e0 La Madeleine<\/a><\/p>\n<p class=\" wall-content\">En images, le grand d\u00e9fil\u00e9 militaire pour les 80 ans de la Lib\u00e9ration, qui a travers\u00e9 quatre villes de la m\u00e9tropole de Lille, dont La Madeleine, ce dimanche 4 mai.<\/p>\n<p class=\" wall-content\"><a href=\"https:\/\/actu.fr\/hauts-de-france\/bergues_59067\/le-plus-beau-marche-de-france-deux-villes-des-hauts-de-france-en-lice-dont-une-du-nord_62591686.html\" target=\"_blank\" rel=\"noopener\">Le plus beau march\u00e9 de France : deux villes des Hauts-de-France en lice, dont une du Nord !<\/a><\/p>\n<p class=\" wall-content\">Pour la huiti\u00e8me \u00e9dition de l\u2019\u00e9mission \u00ab\u00a0\u2009Votre plus beau march\u00e9\u2009\u00a0\u00bb diffus\u00e9e sur TF1, deux march\u00e9s des Hauts-de-France seront en lice. L\u2019un d\u2019entre eux se trouve dans le Nord\u2009!<\/p>\n<p class=\" wall-content\"><a href=\"https:\/\/actu.fr\/hauts-de-france\/lille_59350\/la-soupe-a-attire-la-foule-a-wazemmes_62585442.html\" target=\"_blank\" rel=\"noopener\">EN IMAGES. Lille : la f\u00eate de la soupe a attir\u00e9 la foule \u00e0 Wazemmes !<\/a><\/p>\n<p class=\" wall-content\">Ce 1er mai, c\u2019\u00e9tait la f\u00eate du travail et la traditionnelle f\u00eate de la soupe \u00e0 Lille Wazemmes, appel\u00e9e Louche d\u2019Or. Retour en images sur un \u00e9v\u00e9nement qui a cartonn\u00e9, comme chaque ann\u00e9e !<\/p>\n<p class=\" wall-content\"><a href=\"https:\/\/actu.fr\/hauts-de-france\/lille_59350\/metropole-de-lille-le-metro-et-le-tramway-interrompus-plusieurs-jours-en-mai-et-juin_62566620.html\" target=\"_blank\" rel=\"noopener\">M\u00e9tropole de Lille. Le m\u00e9tro et le tramway interrompus plusieurs jours en mai et juin<\/a><\/p>\n<p class=\" wall-content\">Ilevia a annonc\u00e9 le calendrier des prochaines interruptions de trafic sur la ligne 1 du m\u00e9tro de Lille, en mai et juin. Le tramway aussi sera concern\u00e9 par des travaux. Voici le d\u00e9tail.<\/p>\n<p>Vid\u00e9os : en ce moment sur Actu<\/p>\n<p class=\" wall-content\"><a href=\"https:\/\/actu.fr\/hauts-de-france\/lille_59350\/metropole-de-lille-a-vous-de-choisir-le-nom-de-votre-futur-moyen-de-transport_62573596.html\" target=\"_blank\" rel=\"noopener\">\u00c0 vous de choisir le nom de votre futur moyen de transport dans la m\u00e9tropole lilloise !<\/a><\/p>\n<p class=\" wall-content\">On reste dans les transports : un nouveau mode de d\u00e9placement va bient\u00f4t \u00eatre mis en service. La MEL invite les habitants \u00e0 lui trouver un nom, lors d\u2019un vote qui s\u2019\u00e9tend jusqu\u2019au 30 juin 2025.<\/p>\n<p class=\" wall-content\"><a href=\"https:\/\/actu.fr\/hauts-de-france\/lille_59350\/nouveaux-travaux-sur-lautoroute-a1-au-sud-de-lille-la-circulation-va-etre-perturbee-en-mai_62581856.html\" target=\"_blank\" rel=\"noopener\">Nouveaux travaux sur l\u2019autoroute A1 au sud de Lille : la circulation va \u00eatre perturb\u00e9e en mai<\/a><\/p>\n<p class=\" wall-content\">Attention, de nouveaux travaux vont \u00eatre mis en \u0153uvre sur le tronc commun de l\u2019A1 et l\u2019A22 au sud de Lille (Nord), du 9 au 12 mai 2025. La circulation va \u00eatre perturb\u00e9e. D\u00e9tails.<\/p>\n<p class=\" wall-content\"><a href=\"https:\/\/actu.fr\/hauts-de-france\/loos_59360\/pres-de-lille-cette-immense-friche-industrielle-va-etre-transformee-en-quartier-dexception_62562472.html\" target=\"_blank\" rel=\"noopener\">Pr\u00e8s de Lille, cette immense friche industrielle va \u00eatre transform\u00e9e en quartier d\u2019exception<\/a><\/p>\n<p class=\" wall-content\">C\u2019est un immense projet que va lancer la M\u00e9tropole europ\u00e9enne de Lille \u00e0 Loos. Une immense friche industrielle va \u00eatre transform\u00e9e en quartier \u00e9co-responsable. D\u00e9tails.<\/p>\n<p class=\" wall-content\"><a href=\"https:\/\/actu.fr\/hauts-de-france\/roubaix_59512\/immobilier-a-roubaix-pour-aider-les-petits-budgets-a-devenir-proprietaires-salim-va-tester-une-super-idee_62570417.html\" target=\"_blank\" rel=\"noopener\">Immobilier \u00e0 Roubaix. Pour aider les petits budgets \u00e0 devenir propri\u00e9taires, Salim va tester une super id\u00e9e<\/a><\/p>\n<p class=\" wall-content\">Avec l\u2019\u00e9pargne solidaire, Salim Bella, ex-infirmier, veut r\u00e9volutionner l\u2019acc\u00e8s \u00e0 la propri\u00e9t\u00e9 avec Refink. Roubaix a accept\u00e9 de devenir sa zone \u00ab\u00a0\u2009test\u00a0\u00bb. Tout sera pr\u00eat fin 2025, on vous explique.<\/p>\n<p class=\" wall-content\"><a href=\"https:\/\/actu.fr\/societe\/dunkerque-calais-ces-villes-cotieres-du-nord-et-du-pas-de-calais-sont-les-plus-populaires-sur-instagram_62580554.html\" target=\"_blank\" rel=\"noopener\">Dunkerque, Calais\u2026 Ces villes c\u00f4ti\u00e8res du Nord et du Pas-de-Calais sont les plus populaires sur Instagram<\/a><\/p>\n<p class=\" wall-content\">Le classement des stations baln\u00e9aires les plus populaires sur Instagram a \u00e9t\u00e9 r\u00e9v\u00e9l\u00e9 par Likibu. Voici les villes en bord de mer du Nord et du Pas-de-Calais les plus mentionn\u00e9es.<\/p>\n<p class=\" wall-content\">Suivez toute l\u2019actualit\u00e9 de vos villes et m\u00e9dias favoris en vous inscrivant \u00e0 <a href=\"https:\/\/moncompte.actu.fr\" title=\"D\u00e9couvez Mon Actu\" rel=\"nofollow noopener\" data-trk=\"{&quot;cta&quot;:{&quot;action&quot;:&quot;https:\\\/\\\/moncompte.actu.fr&quot;,&quot;category&quot;:&quot;mon compte&quot;,&quot;from&quot;:&quot;article footer&quot;,&quot;name&quot;:&quot;Mon actu&quot;,&quot;type&quot;:&quot;cta&quot;}}\" target=\"_blank\">Mon Actu<\/a>.<\/p>\n","protected":false},"excerpt":{"rendered":"Par Margot Nicod\u00e8me Publi\u00e9 le 4 mai 2025 \u00e0 17h30 Les journ\u00e9es estivales de cette semaine du 28&hellip;\n","protected":false},"author":2,"featured_media":74544,"comment_status":"","ping_status":"","sticky":false,"template":"","format":"standard","meta":{"footnotes":""},"categories":[2815],"tags":[1111,11,9904,1777,674,1011,27,811,4288,9985,1307,12,25,104],"class_list":{"0":"post-74543","1":"post","2":"type-post","3":"status-publish","4":"format-standard","5":"has-post-thumbnail","7":"category-lille","8":"tag-actu","9":"tag-actualites","10":"tag-autoroute-1-a1","11":"tag-eu","12":"tag-europe","13":"tag-fr","14":"tag-france","15":"tag-hauts-de-france","16":"tag-ilevia","17":"tag-liberation","18":"tag-lille","19":"tag-news","20":"tag-republique-francaise","21":"tag-societe"},"share_on_mastodon":{"url":"https:\/\/pubeurope.com\/@fr\/114450322140896790","error":""},"_links":{"self":[{"href":"https:\/\/www.europesays.com\/fr\/wp-json\/wp\/v2\/posts\/74543","targetHints":{"allow":["GET"]}}],"collection":[{"href":"https:\/\/www.europesays.com\/fr\/wp-json\/wp\/v2\/posts"}],"about":[{"href":"https:\/\/www.europesays.com\/fr\/wp-json\/wp\/v2\/types\/post"}],"author":[{"embeddable":true,"href":"https:\/\/www.europesays.com\/fr\/wp-json\/wp\/v2\/users\/2"}],"replies":[{"embeddable":true,"href":"https:\/\/www.europesays.com\/fr\/wp-json\/wp\/v2\/comments?post=74543"}],"version-history":[{"count":0,"href":"https:\/\/www.europesays.com\/fr\/wp-json\/wp\/v2\/posts\/74543\/revisions"}],"wp:featuredmedia":[{"embeddable":true,"href":"https:\/\/www.europesays.com\/fr\/wp-json\/wp\/v2\/media\/74544"}],"wp:attachment":[{"href":"https:\/\/www.europesays.com\/fr\/wp-json\/wp\/v2\/media?parent=74543"}],"wp:term":[{"taxonomy":"category","embeddable":true,"href":"https:\/\/www.europesays.com\/fr\/wp-json\/wp\/v2\/categories?post=74543"},{"taxonomy":"post_tag","embeddable":true,"href":"https:\/\/www.europesays.com\/fr\/wp-json\/wp\/v2\/tags?post=74543"}],"curies":[{"name":"wp","href":"https:\/\/api.w.org\/{rel}","templated":true}]}}