{"id":74549,"date":"2025-05-04T15:43:08","date_gmt":"2025-05-04T15:43:08","guid":{"rendered":"https:\/\/www.europesays.com\/fr\/74549\/"},"modified":"2025-05-04T15:43:08","modified_gmt":"2025-05-04T15:43:08","slug":"un-nouveau-lieu-de-vie-pour-les-seniors-dans-le-1er-arrondissement","status":"publish","type":"post","link":"https:\/\/www.europesays.com\/fr\/74549\/","title":{"rendered":"Un nouveau lieu de vie pour les seniors dans le 1er arrondissement"},"content":{"rendered":"<p>                            <img loading=\"lazy\" width=\"770\" height=\"481\" class=\"attachment-article size-article wp-post-image lazyload\" alt=\"L'isolement fait partie des pr\u00e9occupations des seniors, selon la parole donn\u00e9e aux &quot;vieux \u00e9lecteurs&quot; par l'association des Petits Fr\u00e8res des Pauvres. \u00a9 AFP \/ Archives, Damien Meyer\" decoding=\"async\" src=\"https:\/\/www.europesays.com\/fr\/wp-content\/uploads\/2025\/05\/1454728-des-seniors-devant-un-passage-pieton-e1684240585832.jpg\" data-eio-rwidth=\"770\" data-eio-rheight=\"481\"\/><\/p>\n<p>l\u2019isolement fait partie des pr\u00e9occupations des seniors. \u00a9 AFP \/ Archives, Damien Meyer<\/p>\n<p class=\"content\" style=\"font-size:1.2em;font-weight:700\">Le tiers-lieu \u00ab\u00a0Au 37bis\u00a0\u00bb ouvre ses portes ce lundi dans le 1er arrondissement. Un espace pens\u00e9 pour accompagner les a\u00een\u00e9s dans une vieillesse active et solidaire.<\/p>\n<p>Situ\u00e9 au 37bis rue Chenavard, en plein c\u0153ur de Lyon, l\u2019ancien b\u00e2timent de l\u2019\u00e9cole L\u00e9vi-Strauss change de vocation, tout en restant fid\u00e8le \u00e0 l\u2019int\u00e9r\u00eat g\u00e9n\u00e9ral. Ce lundi 5 mai \u00e0 11h30, la Ville de Lyon inaugure \u00ab\u00a0Au 37bis\u00a0\u00bb, un tiers-lieu d\u00e9di\u00e9 au bien vieillir, en pr\u00e9sence du maire Gr\u00e9gory Doucet, de Yasmine Bouagga, maire du 1er arrondissement, et de Malika Haddad-Grosjean, adjointe \u00e0 la Ville Inclusive.<\/p>\n<p>Lutter contre l&rsquo;isolement et renforcer le lien social<\/p>\n<p>Pens\u00e9 comme un lieu ressource pour les seniors, \u00ab\u00a0Au 37bis\u00a0\u00bb abrite d\u00e9sormais le Spot Senior du 1er et 2e arrondissement, un espace de proximit\u00e9 co-construit avec le tissu associatif local et le Conseil des a\u00een\u00e9s. L\u2019objectif : lutter contre l\u2019isolement, favoriser l\u2019autonomie et renforcer le lien social.<\/p>\n<p>Le lieu proposera des ateliers culturels, num\u00e9riques ou sant\u00e9, des animations de quartier, un espace de convivialit\u00e9 ainsi qu\u2019un accompagnement administratif et num\u00e9rique. Des m\u00e9diateurs seront \u00e9galement pr\u00e9sents pour guider les usagers dans leurs d\u00e9marches.<\/p>\n","protected":false},"excerpt":{"rendered":"l\u2019isolement fait partie des pr\u00e9occupations des seniors. \u00a9 AFP \/ Archives, Damien Meyer Le tiers-lieu \u00ab\u00a0Au 37bis\u00a0\u00bb ouvre&hellip;\n","protected":false},"author":2,"featured_media":74550,"comment_status":"","ping_status":"","sticky":false,"template":"","format":"standard","meta":{"footnotes":""},"categories":[1889],"tags":[1111,11,2430,1777,674,1011,27,2428,12,25,3552],"class_list":{"0":"post-74549","1":"post","2":"type-post","3":"status-publish","4":"format-standard","5":"has-post-thumbnail","7":"category-lyon","8":"tag-actu","9":"tag-actualites","10":"tag-auvergne-rhone-alpes","11":"tag-eu","12":"tag-europe","13":"tag-fr","14":"tag-france","15":"tag-lyon","16":"tag-news","17":"tag-republique-francaise","18":"tag-seniors"},"share_on_mastodon":{"url":"https:\/\/pubeurope.com\/@fr\/114450333933642132","error":""},"_links":{"self":[{"href":"https:\/\/www.europesays.com\/fr\/wp-json\/wp\/v2\/posts\/74549","targetHints":{"allow":["GET"]}}],"collection":[{"href":"https:\/\/www.europesays.com\/fr\/wp-json\/wp\/v2\/posts"}],"about":[{"href":"https:\/\/www.europesays.com\/fr\/wp-json\/wp\/v2\/types\/post"}],"author":[{"embeddable":true,"href":"https:\/\/www.europesays.com\/fr\/wp-json\/wp\/v2\/users\/2"}],"replies":[{"embeddable":true,"href":"https:\/\/www.europesays.com\/fr\/wp-json\/wp\/v2\/comments?post=74549"}],"version-history":[{"count":0,"href":"https:\/\/www.europesays.com\/fr\/wp-json\/wp\/v2\/posts\/74549\/revisions"}],"wp:featuredmedia":[{"embeddable":true,"href":"https:\/\/www.europesays.com\/fr\/wp-json\/wp\/v2\/media\/74550"}],"wp:attachment":[{"href":"https:\/\/www.europesays.com\/fr\/wp-json\/wp\/v2\/media?parent=74549"}],"wp:term":[{"taxonomy":"category","embeddable":true,"href":"https:\/\/www.europesays.com\/fr\/wp-json\/wp\/v2\/categories?post=74549"},{"taxonomy":"post_tag","embeddable":true,"href":"https:\/\/www.europesays.com\/fr\/wp-json\/wp\/v2\/tags?post=74549"}],"curies":[{"name":"wp","href":"https:\/\/api.w.org\/{rel}","templated":true}]}}