{"id":74551,"date":"2025-05-04T15:44:10","date_gmt":"2025-05-04T15:44:10","guid":{"rendered":"https:\/\/www.europesays.com\/fr\/74551\/"},"modified":"2025-05-04T15:44:10","modified_gmt":"2025-05-04T15:44:10","slug":"lyon-de-retour-en-finale-en-ecartant-le-racing-92","status":"publish","type":"post","link":"https:\/\/www.europesays.com\/fr\/74551\/","title":{"rendered":"Lyon de retour en finale en \u00e9cartant le Racing 92"},"content":{"rendered":"<p><strong>Lyon\u00a0&#8211; Racing 92\u00a0: 29-15<\/strong><\/p>\n<p>Laur\u00e9at de la comp\u00e9tition en 2022, Lyon s\u2019est hiss\u00e9 une nouvelle fois en finale de la Challenge Cup dimanche 4\u00a0mai 2025 en dominant le Racing 92 (29-15), au Stade de Gerland. Un r\u00e9sultat presque inesp\u00e9r\u00e9 il y a encore quelques mois, lorsque le Lou \u00e9tait en pleine crise. Le 23\u00a0mai, en finale au Millennium Stadium de Cardiff, les Lyonnais affronteront le leader du championnat d\u2019Angleterre, Bath, qui a \u00e9cart\u00e9 \u00c9dimbourg (39-24) dans l\u2019autre demi-finale.<\/p>\n<p>Irr\u00e9gulier en conqu\u00eate cette saison, le LOU Rugby a construit son succ\u00e8s sur une m\u00eal\u00e9e et une touche bien en place et un pack dominateur dans les impacts et intraitable en d\u00e9fense, emmen\u00e9 par le deuxi\u00e8me ligne international Micka\u00ebl Guillard, \u00e9lu meilleur joueur du match.\u00a0La r\u00e9gularit\u00e9 de l\u2019ouvreur L\u00e9o Berdeu et de l\u2019arri\u00e8re Davit Niniashvili sous les ballons hauts a \u00e9galement \u00e9t\u00e9 pr\u00e9cieuse pour dominer le Racing 92 qui vit, lui aussi, une saison in\u00e9gale.<\/p>\n<p>La trajectoire des deux \u00e9quipes en 2024-2025 se ressemble beaucoup, m\u00eame si le sursaut a \u00e9t\u00e9 plus rapide \u00e0 Lyon. Tous deux ont connu <a target=\"_blank\" href=\"https:\/\/www.lanouvellerepublique.fr\/sports\/top-14-la-crise-plane-pour-le-stade-francais-et-le-racing-92\" rel=\"noopener\">des difficult\u00e9s<\/a>, le bas du classement en Top\u00a014 et ont d\u00fb changer d\u2019entra\u00eeneur mais sont d\u00e9sormais en course pour la phase finale du Top\u00a014.<\/p>\n<p>\u00c0 la diff\u00e9rence du Racing 92, le Lou peut continuer de jouer sur deux tableaux et aura donc l\u2019occasion de d\u00e9crocher un nouveau titre continental.\u00a0Le club rhodanien \u00e9tait pourtant en plein marasme \u00e0 mi-parcours de la saison et pointait \u00e0 l\u2019avant-dernier rang du Top\u00a014\u00a0apr\u00e8s une s\u00e9rie de sept matches sans victoire. Mais l\u2019arriv\u00e9e de l\u2019entra\u00eeneur Karim Ghezal d\u00e9but d\u00e9cembre a permis d\u2019inverser la tendance.<\/p>\n<p>Farrell se blesse<\/p>\n<p>Sur ses terres dimanche, le Lou a r\u00e9ussi \u00e0 faire basculer le match en d\u00e9but de seconde p\u00e9riode, pourtant commenc\u00e9e en inf\u00e9riorit\u00e9 num\u00e9rique apr\u00e8s l\u2019exclusion temporaire inflig\u00e9e au centre n\u00e9o-z\u00e9landais, Josiah Maraku (36e).<\/p>\n<p>Deux grosses s\u00e9quences du pack ont d\u00e9bouch\u00e9 sur une p\u00e9nalit\u00e9 de L\u00e9o Berdeu (47e) et un essai en force du 3e\u00a0ligne g\u00e9orgien Beka Saginadze (51e) pour permettre aux locaux de faire le break (20-8).<\/p>\n<p>Ensuite, Berdeu (19 points, 7 sur 9 face aux perches) a concr\u00e9tis\u00e9 sur des p\u00e9nalit\u00e9s (62e, 68e, 73e) la domination de son paquet d\u2019avants pour sceller la qualification de son \u00e9quipe.<\/p>\n<p>Vite priv\u00e9s de leur capitaine, le centre anglais Owen Farrell, bless\u00e9 et remplac\u00e9 \u00e0 la 18e\u00a0minute par l\u2019ancien Lyonnais, le Fidjien Josh Tuisova, les Racingmen ont r\u00e9ussi \u00e0 inscrire deux essais.\u00a0Le premier, en force, par le talonneur Diego Escobar (10-8, 36e) et le second en contre par le demi de m\u00eal\u00e9e Kleo Labarre (20-15, 55e).<\/p>\n<p>Mais ils ont trop peu r\u00e9ussi \u00e0 mettre la main sur le ballon apr\u00e8s la mi-temps pour contester le succ\u00e8s des Lyonnais.<\/p>\n<p><strong>Mi-temps\u00a0: <\/strong>10-8.<strong><br \/>Arbitre\u00a0:<\/strong> M.\u00a0Dickson.<br \/><strong>Lyon\u00a0:<\/strong> 2E Rattez (28e), Saghinadze (51e)\u00a0; 2T Berdeu (28e, 51e)\u00a0; 5P Berdeu (25e, 48e, 63e, 68e, 55e).<br \/><strong>Racing 92\u00a0:<\/strong> 2E Escobar (36e), Labarbe (55e)\u00a0; 1T Tedder (55e)\u00a0; 1P Tedder (23e).<br \/><strong>Cartons jaunes\u00a0:<\/strong> \u00e0 Lyon, Maraku (36e)\u00a0; au Racing 92, Habosi (73e).<\/p>\n","protected":false},"excerpt":{"rendered":"Lyon\u00a0&#8211; Racing 92\u00a0: 29-15 Laur\u00e9at de la comp\u00e9tition en 2022, Lyon s\u2019est hiss\u00e9 une nouvelle fois en finale&hellip;\n","protected":false},"author":2,"featured_media":74552,"comment_status":"","ping_status":"","sticky":false,"template":"","format":"standard","meta":{"footnotes":""},"categories":[1889],"tags":[1111,11,2430,7888,1777,674,1011,27,2428,12,25,479,60],"class_list":{"0":"post-74551","1":"post","2":"type-post","3":"status-publish","4":"format-standard","5":"has-post-thumbnail","7":"category-lyon","8":"tag-actu","9":"tag-actualites","10":"tag-auvergne-rhone-alpes","11":"tag-coupe-deurope-rugby","12":"tag-eu","13":"tag-europe","14":"tag-fr","15":"tag-france","16":"tag-lyon","17":"tag-news","18":"tag-republique-francaise","19":"tag-rugby","20":"tag-sports"},"share_on_mastodon":{"url":"https:\/\/pubeurope.com\/@fr\/114450337916455344","error":""},"_links":{"self":[{"href":"https:\/\/www.europesays.com\/fr\/wp-json\/wp\/v2\/posts\/74551","targetHints":{"allow":["GET"]}}],"collection":[{"href":"https:\/\/www.europesays.com\/fr\/wp-json\/wp\/v2\/posts"}],"about":[{"href":"https:\/\/www.europesays.com\/fr\/wp-json\/wp\/v2\/types\/post"}],"author":[{"embeddable":true,"href":"https:\/\/www.europesays.com\/fr\/wp-json\/wp\/v2\/users\/2"}],"replies":[{"embeddable":true,"href":"https:\/\/www.europesays.com\/fr\/wp-json\/wp\/v2\/comments?post=74551"}],"version-history":[{"count":0,"href":"https:\/\/www.europesays.com\/fr\/wp-json\/wp\/v2\/posts\/74551\/revisions"}],"wp:featuredmedia":[{"embeddable":true,"href":"https:\/\/www.europesays.com\/fr\/wp-json\/wp\/v2\/media\/74552"}],"wp:attachment":[{"href":"https:\/\/www.europesays.com\/fr\/wp-json\/wp\/v2\/media?parent=74551"}],"wp:term":[{"taxonomy":"category","embeddable":true,"href":"https:\/\/www.europesays.com\/fr\/wp-json\/wp\/v2\/categories?post=74551"},{"taxonomy":"post_tag","embeddable":true,"href":"https:\/\/www.europesays.com\/fr\/wp-json\/wp\/v2\/tags?post=74551"}],"curies":[{"name":"wp","href":"https:\/\/api.w.org\/{rel}","templated":true}]}}