{"id":745513,"date":"2026-02-19T16:24:14","date_gmt":"2026-02-19T16:24:14","guid":{"rendered":"https:\/\/www.europesays.com\/fr\/745513\/"},"modified":"2026-02-19T16:24:14","modified_gmt":"2026-02-19T16:24:14","slug":"inauguration-de-lesplanade-de-samarcande-paris","status":"publish","type":"post","link":"https:\/\/www.europesays.com\/fr\/745513\/","title":{"rendered":"Inauguration de l\u2019esplanade de Samarcande\u00a0: Paris"},"content":{"rendered":"<p>\n  Jeudi 12 mars \u00e0 10h45, Paris mettra \u00e0 l\u2019honneur l\u2019amiti\u00e9 franco-ouzbek \u00e0 l\u2019occasion de l\u2019inauguration de l\u2019esplanade de Samarcande, situ\u00e9e au 35 boulevard des Batignolles, \u00e0 la lisi\u00e8re des 8e et 17e arrondissements.\n<\/p>\n<p>\n  Cette nouvelle d\u00e9nomination rend hommage \u00e0 Samarcande, deuxi\u00e8me ville la plus peupl\u00e9e d\u2019Ouzb\u00e9kistan, joyau historique et culturel d\u2019Asie centrale. Carrefour des civilisations depuis des si\u00e8cles, <strong>Samarcande fut proclam\u00e9e \u00ab\u00a0carrefour des cultures\u00a0\u00bb en 2001 par l\u2019UNESCO<\/strong>, consacrant ainsi son r\u00f4le majeur dans l\u2019histoire des \u00e9changes entre Orient et Occident.\n<\/p>\n<p>\n  Ville embl\u00e9matique de la Route de la Soie, Samarcande symbolise le dialogue des cultures, l\u2019ouverture et la transmission des savoirs. Elle accueillit notamment l\u2019orientaliste et diplomate Alexandre Legrand, figure du rapprochement intellectuel entre les peuples.\n<\/p>\n<p>  Une c\u00e9r\u00e9monie en pr\u00e9sence des autorit\u00e9s fran\u00e7aises et ouzb\u00e8kes<\/p>\n<p>\n  L\u2019inauguration se d\u00e9roulera en pr\u00e9sence de\u00a0:\n<\/p>\n<ul class=\"list\">\n<li data-controller=\"list\">\n<p>Anne Hidalgo, maire de Paris<\/p>\n<\/li>\n<li data-controller=\"list\">\n<p>Jeanne d\u2019Hauteserre, maire du 8e arrondissement<\/p>\n<\/li>\n<li data-controller=\"list\">\n<p>Geoffroy Boulard, maire du 17e arrondissement<\/p>\n<\/li>\n<li data-controller=\"list\">\n<p>Son Excellence Monsieur Nodir Ganiev, ambassadeur de la R\u00e9publique d\u2019Ouzb\u00e9kistan en France<\/p>\n<\/li>\n<\/ul>\n<p>\n  Cette esplanade incarne la volont\u00e9 de Paris de valoriser les liens internationaux et de faire vivre, dans l\u2019espace public, les symboles de l\u2019amiti\u00e9 entre les peuples.\n<\/p>\n<p>  Un symbole fort au c\u0153ur de Paris<\/p>\n<p>\n  En donnant le nom de Samarcande \u00e0 cet espace du boulevard des Batignolles, la capitale inscrit durablement dans son paysage urbain une r\u00e9f\u00e9rence \u00e0 l\u2019histoire, \u00e0 la culture et au dialogue interculturel.\n<\/p>\n<p>\n  Au-del\u00e0 d\u2019une simple d\u00e9nomination, cette inauguration t\u00e9moigne d\u2019une relation fond\u00e9e sur le respect, la coop\u00e9ration et l\u2019enrichissement mutuel entre la France et l\u2019Ouzb\u00e9kistan.\n<\/p>\n<p>\n  Un moment solennel et symbolique qui rappelle que Paris demeure une ville ouverte sur le monde, attentive \u00e0 c\u00e9l\u00e9brer les cultures et les amiti\u00e9s internationales qui contribuent \u00e0 sa richesse.<\/p>\n","protected":false},"excerpt":{"rendered":"Jeudi 12 mars \u00e0 10h45, Paris mettra \u00e0 l\u2019honneur l\u2019amiti\u00e9 franco-ouzbek \u00e0 l\u2019occasion de l\u2019inauguration de l\u2019esplanade de&hellip;\n","protected":false},"author":2,"featured_media":745514,"comment_status":"","ping_status":"","sticky":false,"template":"","format":"standard","meta":{"footnotes":"","_share_on_mastodon":"0"},"categories":[1888],"tags":[11,1777,674,1011,27,12,626,25],"class_list":["post-745513","post","type-post","status-publish","format-standard","has-post-thumbnail","category-paris","tag-actualites","tag-eu","tag-europe","tag-fr","tag-france","tag-news","tag-paris","tag-republique-francaise"],"share_on_mastodon":{"url":"https:\/\/pubeurope.com\/@fr\/116098227474188180","error":""},"_links":{"self":[{"href":"https:\/\/www.europesays.com\/fr\/wp-json\/wp\/v2\/posts\/745513","targetHints":{"allow":["GET"]}}],"collection":[{"href":"https:\/\/www.europesays.com\/fr\/wp-json\/wp\/v2\/posts"}],"about":[{"href":"https:\/\/www.europesays.com\/fr\/wp-json\/wp\/v2\/types\/post"}],"author":[{"embeddable":true,"href":"https:\/\/www.europesays.com\/fr\/wp-json\/wp\/v2\/users\/2"}],"replies":[{"embeddable":true,"href":"https:\/\/www.europesays.com\/fr\/wp-json\/wp\/v2\/comments?post=745513"}],"version-history":[{"count":0,"href":"https:\/\/www.europesays.com\/fr\/wp-json\/wp\/v2\/posts\/745513\/revisions"}],"wp:featuredmedia":[{"embeddable":true,"href":"https:\/\/www.europesays.com\/fr\/wp-json\/wp\/v2\/media\/745514"}],"wp:attachment":[{"href":"https:\/\/www.europesays.com\/fr\/wp-json\/wp\/v2\/media?parent=745513"}],"wp:term":[{"taxonomy":"category","embeddable":true,"href":"https:\/\/www.europesays.com\/fr\/wp-json\/wp\/v2\/categories?post=745513"},{"taxonomy":"post_tag","embeddable":true,"href":"https:\/\/www.europesays.com\/fr\/wp-json\/wp\/v2\/tags?post=745513"}],"curies":[{"name":"wp","href":"https:\/\/api.w.org\/{rel}","templated":true}]}}