{"id":74556,"date":"2025-05-04T15:47:08","date_gmt":"2025-05-04T15:47:08","guid":{"rendered":"https:\/\/www.europesays.com\/fr\/74556\/"},"modified":"2025-05-04T15:47:08","modified_gmt":"2025-05-04T15:47:08","slug":"ratp-et-sncf-les-perturbations-attendues-dans-les-transports-a-paris-et-en-ile-de-france-cette-semaine-4","status":"publish","type":"post","link":"https:\/\/www.europesays.com\/fr\/74556\/","title":{"rendered":"RATP et SNCF. Les perturbations attendues dans les transports \u00e0 Paris et en \u00cele-de-France cette semaine"},"content":{"rendered":"<p>            Par<br \/>\n        <strong><br \/>\n            <a href=\"https:\/\/actu.fr\/auteur\/antoine-grotteria02\" title=\"Consulter tous les articles de Antoine Grotteria\" rel=\"nofollow noopener\" target=\"_blank\">Antoine Grotteria<\/a><br \/>\n        <\/strong><\/p>\n<p>        Publi\u00e9 le<\/p>\n<p>            4 mai 2025 \u00e0 16h46        <\/p>\n<p>Les sept prochains jours risquent d\u2019\u00eatre difficiles pour les usagers des <strong>transports franciliens<\/strong>. Alors que des travaux sont pr\u00e9vus dans le cadre du <strong>pont du 8-Mai<\/strong>, plusieurs syndicats de la <a href=\"https:\/\/actu.fr\/tag\/sncf\" rel=\"nofollow noopener\" target=\"_blank\">SNCF<\/a> ont appel\u00e9 \u00e0 un mouvement de <a href=\"https:\/\/actu.fr\/ile-de-france\/paris_75056\/greve-a-la-sncf-des-perturbations-attendues-sur-les-rer-et-transilien-a-paris-et-en-ile-de-france-des-lundi_62590595.html\" rel=\"nofollow noopener\" target=\"_blank\">gr\u00e8ve<\/a> pour une hausse des r\u00e9mun\u00e9rations et une modification d\u2019un logiciel de planning. \u00c0 Paris et en \u00cele-de-France, le <a href=\"https:\/\/actu.fr\/tag\/metro\" rel=\"nofollow noopener\" target=\"_blank\">m\u00e9tro<\/a>, le RER, le Transilien et le tramway seront <strong>perturb\u00e9s<\/strong>. <a href=\"https:\/\/actu.fr\/paris\/\" rel=\"nofollow noopener\" target=\"_blank\">Actu Paris<\/a> fait le point sur le trafic du lundi 5 au dimanche 11 mai 2025.\u00a0<\/p>\n<p>M\u00e9tro<\/p>\n<ul class=\" wall-content\">\n<li><strong>Ligne 10<\/strong> : du lundi 5 au dimanche 11 mai, le trafic sera interrompu entre Duroc et Boulogne Pont de Saint-Cloud en raison de travaux. Bus de remplacement mis en place.\u00a0<\/li>\n<li><strong>Ligne 13<\/strong> : du vendredi 9 au dimanche 11 mai, le trafic sera interrompu entre La Fourche et Asni\u00e8res \u2013 Gennevilliers Les Courtilles en raison de travaux. Bus en place.\u00a0<\/li>\n<\/ul>\n<p>RER<\/p>\n<ul class=\" wall-content\">\n<li><strong>RER A<\/strong> : du lundi 5 au dimanche 11 mai, le trafic est interrompu entre Maisons-Laffitte et Poissy, en raison de travaux, \u00e0 partir de 22h15. Les samedi 10 et dimanche 11 mai, le trafic est interrompu, toute la journ\u00e9e, entre Maisons-Laffitte et Poissy.\u00a0<\/li>\n<li><strong>RER B<\/strong> : mouvement social \u00e0 partir du lundi 5 mai. Du lundi 5 mai au mercredi 7 mai, \u00e0 partir de 22h45, le trafic sera interrompu entre Gare du Nord et A\u00e9roport Charles de Gaulle 2\u2013TGV via Mitry\u2013Claye en raison de travaux d\u2019entretien. Bus en place. Du lundi 5 au vendredi 9 mai, \u00e0 partir de 22h45, le trafic sera interrompu entre Gare du Nord et A\u00e9roport Charles de Gaulle 2\u2013TGV via Mitry\u2013Claye en raison de travaux d\u2019entretien.<\/li>\n<li><strong>RER C :<\/strong> l\u2019arr\u00eat n\u2019est pas desservi \u00e0 Issy en raison de mesures de s\u00e9curit\u00e9. Un mouvement social est pr\u00e9vu. Le dimanche 11 mai, le trafic est interrompu entre Dourdan et Paris Austerlitz, avec un dernier train au d\u00e9part de Dourdan pour Paris Austerlitz \u00e0 21h07. Dernier train au d\u00e9part de Paris Austerlitz pour Dourdan \u00e0 22h15. Le trafic est interrompu entre Saint-Martin d\u2019Etampes et Paris Austerlitz, avec un dernier train au d\u00e9part de Saint-Martin d\u2019\u00c9tampes pour Paris Austerlitz \u00e0 21h41. Dernier train au d\u00e9part de Paris Austerlitz pour Saint-Martin d\u2019Etampes \u00e0 22h45. Du jeudi 8 au dimanche 11 mai, Aucun train ne circule entre Champ de Mars \u2013 Montigny Beauchamp et Pontoise en raison de travaux. Du lundi 5 au mercredi 7 mai, le trafic est interrompu ente Paris Austerlitz et Juvisy via Choisy le Roi \u00e0 partir de 22h29 en raison de travaux. Bus mis en place. Du lundi 5 au mercredi 7 mai, le trafic est interrompu entre Avenue Henri Martin et Montigny-Beauchamp \u00e0 partir de 22h25. Le trafic est interrompu entre Avenue Henri Martin et Pontoise \u00e0 partir de 21h40 en raison de travaux. Bus mis en place. Du lundi 5 au mercredi 7 mai, le trafic est interrompu entre Dourdan et Paris Austerlitz \u00e0 partir de 21h07. Le trafic est interrompu entre Saint-Martin d\u2019\u00c9tampes et Paris Austerlitz \u00e0 partir de 21h41 en raison de travaux. Bus mis en place. M\u00eame interruption entre Javel et St-Quentin en Yvelines \u00e0 partir de 23 heures. M\u00eame chose entre entre Versailles Ch\u00e2teau Rive Gauche et Javel \u00e0 partir de 22h25. Du jeudi 8 au\u00a0 dimanche 11 mai jusqu\u2019\u00e0 17 heures, Le trafic est interrompu entre Br\u00e9tigny \u2013 Dourdan et Br\u00e9tigny \u2013 Saint-Martin d\u2019\u00c9tampes dans les 2 sens de circulation en raison de travaux. Bus de remplacement entre Paris Austerlitz-Dourdan\/Saint-Martin d\u2019\u00c9tampes. Le jeudi 8 mai, le trafic est interrompu entre Paris Austerlitz et Br\u00e9tigny \u00e0 partir de 23h30.\u00a0<\/li>\n<li><strong>RER D<\/strong> : du lundi au mercredi 7 mai, \u00e0 partir de 23h20, le trafic est interrompu entre Gare du Nord et Creil en raison de travaux. Bus mis en place. Lundi 5, mardi 6, mercredi 7, vendredi 8 mai, \u00a0le trafic est interrompu Trafic interrompu entre Paris Gare du Nord et Creil \u00e0 partir de 23h35 \u00e0 cause de travaux. Bus mis en place. Lundi 5, mardi 6, mercredi 7, vendredi 8 mai, les trains ne marquent pas l\u2019arr\u00eat \u00e0 Maisons-Alfort, Vert de Maisons, Cr\u00e9teil Pompadour et Villeneuve-Triage \u00e0 partir de 22h30 en raison de travaux. Bus en place. Les samedi 10 et dimanche 11 mai, \u00a0le trafic est interrompu entre Creil et Orry-la-Ville en raison de travaux. Certains TER au d\u00e9part de Creil et au d\u00e9part de Paris Nord Surface desservent les gares de Orry-la-Ville, Chantilly Gouvieux et Creil.\u00a0<\/li>\n<li><strong>RER E<\/strong> : du lundi 5 au vendredi 9 mai, le trafic est interrompu entre Nanterre-la-Folie et Chelles Gournay \u00e0 partir de 22h45 en raison de travaux. Bus mis en place. Du lundi 5 au vendredi 9 mai, le trafic est interrompu entre Nanterre-La-Folie et Villiers-sur-Marne \u2013 Le Plessis-Tr\u00e9vise et entre Nanterre-la-Folie et Tournan d\u00e8s 22h25. Samedi 10 et dimanche 11 mai, le trafic est interrompu entre Nanterre-la-Folie et Chelles Gournay d\u00e8s 22h45.\u00a0<\/li>\n<\/ul>\n<p>Transilien<\/p>\n<ul class=\" wall-content\">\n<li><strong>Ligne H<\/strong> : un mouvement social se d\u00e9roule sur la ligne. du lundi 5 au vendredi 9 mai, le trafic est interrompu entre Paris Gare du Nord et Persan \u2013 Beaumont via Montsoult \u2013 Maffliers en raison de travaux. Dernier d\u00e9part de train \u00e0 22h34. Du lundi 5 au vendredi 9 mai, le trafic est interrompu entre Paris Gare du Nord et Luzarches. Dernier d\u00e9part \u00e0 21h50. Bus mis en place. Du lundi 5 au vendredi 9 mai, le trafic est interrompu entre Paris Nord et Pontoise. Dernier d\u00e9part \u00e0 22h41. Le jeudi 8 mai, le trafic est interrompu jusqu\u2019\u00e0 8h50, de Paris Gare du Nord et Ermont Eaubonne en raison de travaux. M\u00eame interruption entre Paris Gare du Nord et Sarcelles.\u00a0<\/li>\n<li><strong>Ligne J<\/strong> : du lundi au mercredi 7 mai, de 21h40 \u00e0 23 heures, le trafic est interrompu entre Gare Saint-Lazare et Mantes-la-Jolie via Poissy vers Vernon \u2013 Giverny et Gare Saint-Lazare.\u00a0<\/li>\n<li><strong>Ligne L<\/strong> : du lundi au mercredi 7 mai, d\u00e8s 22 heures, le trafic est interrompu entre B\u00e9con les Bruy\u00e8res et Nanterre Universit\u00e9 \/ Maisons-Laffitte en raison de travaux. Un service de bus de remplacement est mis en place entre B\u00e9con les Bruy\u00e8res et Sartrouville. Le vendredi 9 mai, le trafic est interrompu entre Paris Saint-Lazare et Nanterre Universit\u00e9 de 10h00 \u00e0 16h30 en raison de travaux. Bus mis en place.\u00a0<\/li>\n<li><strong>Ligne N<\/strong> : un mouvement social va se d\u00e9rouler \u00e0 partir du lundi 5 mai. Autrement, du lundi au vendredi 9 mai, le trafic est interrompu de Paris Montparnasse vers Mantes-la-Jolie \u00e0 partir de 21h30 en raison de travaux. M\u00eame interruption \u00e0 partir de 21 heures entre Paris Montparnasse et Dreux. Bus en place. M\u00eame chose entre Paris Montparnasse et Plaisir \u2013 Grignon \u00e0 partir de 23 heures et Paris Montparnasse et Rambouillet \u00e0 partir de 23 heures. Le jeudi 8 mai, le trafic est interrompu \u00e0 partir de 0h45 entre Montparnasse et Rambouillet. Bus en place. Samedi 10 et dimanche 11 mai, le trafic est interrompu entre Paris Montparnasse et Versailles Chantiers en raison de travaux.\u00a0<\/li>\n<li><strong>Ligne P<\/strong> : les samedi 10 et dimanche 11 mai, \u00e0 partir de 23 heures, le trafic est interrompu entre Paris Est et Ch\u00e2teau-Thierry en raison de travaux. Un service de bus de remplacement est mis en place, avec desserte des gares interm\u00e9diaires. Du lundi 5 au vendredi 9 mai, \u00e0 partir de 22h20, le trafic est interrompu entre Paris Est et Meaux. Bus en place. M\u00eame interruption entre Paris Est et Coulommiers \u00e0 partir de 22h15 et entre Paris Est et Ch\u00e2teau-Thierry d\u00e8s 22 heures. Bus mis en place.\u00a0<\/li>\n<li><strong>Ligne R<\/strong> : du lundi 5 au vendredi 9 mai, \u00e0 partir de 22h44, le trafic est interrompu entre Melun et Montereau via Moret \u2013 Veneux-les-Sablons, et entre Melun et Montargis en raison de travaux. Bus en place. Le lundi 5, mardi 6, mercredi 7 et vendredi 9 mai, le trafic est interrompu entre Melun et Moret Veneux les Sablons pour cause de travaux. Bus en place. M\u00eame chose d\u00e8s 23h45 entre Melun et Montargis et entre Melun et Montereau.\u00a0<\/li>\n<li><strong>Ligne U<\/strong> : un mouvement social d\u00e9marre ce lundi 5 mai 2025<\/li>\n<\/ul>\n<p>Tramway<\/p>\n<ul class=\" wall-content\">\n<li><strong>T2<\/strong> : du lundi 5 au dimanche 11 mai, le trafic est interrompu\u00a0entre\u00a0Porte de Versailles\u00a0et\u00a0Suzanne Lenglen\u00a0en raison d\u2019importants travaux de modernisation<\/li>\n<\/ul>\n<p>Vid\u00e9os : en ce moment sur Actu<\/p>\n<p class=\" wall-content\">Suivez toute l\u2019actualit\u00e9 de vos villes et m\u00e9dias favoris en vous inscrivant \u00e0 <a href=\"https:\/\/moncompte.actu.fr\" title=\"D\u00e9couvez Mon Actu\" rel=\"nofollow noopener\" data-trk=\"{&quot;cta&quot;:{&quot;action&quot;:&quot;https:\\\/\\\/moncompte.actu.fr&quot;,&quot;category&quot;:&quot;mon compte&quot;,&quot;from&quot;:&quot;article footer&quot;,&quot;name&quot;:&quot;Mon actu&quot;,&quot;type&quot;:&quot;cta&quot;}}\" target=\"_blank\">Mon Actu<\/a>.<\/p>\n","protected":false},"excerpt":{"rendered":"Par Antoine Grotteria Publi\u00e9 le 4 mai 2025 \u00e0 16h46 Les sept prochains jours risquent d\u2019\u00eatre difficiles pour&hellip;\n","protected":false},"author":2,"featured_media":74557,"comment_status":"","ping_status":"","sticky":false,"template":"","format":"standard","meta":{"footnotes":""},"categories":[1888],"tags":[1111,1928,11,1927,1777,674,1011,27,12,1926,626,1925,625,25,2215,104,2803],"class_list":{"0":"post-74556","1":"post","2":"type-post","3":"status-publish","4":"format-standard","5":"has-post-thumbnail","7":"category-paris","8":"tag-actu","9":"tag-actu-paris","10":"tag-actualites","11":"tag-actualites-paris","12":"tag-eu","13":"tag-europe","14":"tag-fr","15":"tag-france","16":"tag-news","17":"tag-news-paris","18":"tag-paris","19":"tag-paris-news","20":"tag-ratp","21":"tag-republique-francaise","22":"tag-sncf","23":"tag-societe","24":"tag-transport"},"share_on_mastodon":{"url":"https:\/\/pubeurope.com\/@fr\/114450349636447171","error":""},"_links":{"self":[{"href":"https:\/\/www.europesays.com\/fr\/wp-json\/wp\/v2\/posts\/74556","targetHints":{"allow":["GET"]}}],"collection":[{"href":"https:\/\/www.europesays.com\/fr\/wp-json\/wp\/v2\/posts"}],"about":[{"href":"https:\/\/www.europesays.com\/fr\/wp-json\/wp\/v2\/types\/post"}],"author":[{"embeddable":true,"href":"https:\/\/www.europesays.com\/fr\/wp-json\/wp\/v2\/users\/2"}],"replies":[{"embeddable":true,"href":"https:\/\/www.europesays.com\/fr\/wp-json\/wp\/v2\/comments?post=74556"}],"version-history":[{"count":0,"href":"https:\/\/www.europesays.com\/fr\/wp-json\/wp\/v2\/posts\/74556\/revisions"}],"wp:featuredmedia":[{"embeddable":true,"href":"https:\/\/www.europesays.com\/fr\/wp-json\/wp\/v2\/media\/74557"}],"wp:attachment":[{"href":"https:\/\/www.europesays.com\/fr\/wp-json\/wp\/v2\/media?parent=74556"}],"wp:term":[{"taxonomy":"category","embeddable":true,"href":"https:\/\/www.europesays.com\/fr\/wp-json\/wp\/v2\/categories?post=74556"},{"taxonomy":"post_tag","embeddable":true,"href":"https:\/\/www.europesays.com\/fr\/wp-json\/wp\/v2\/tags?post=74556"}],"curies":[{"name":"wp","href":"https:\/\/api.w.org\/{rel}","templated":true}]}}