{"id":74560,"date":"2025-05-04T15:49:07","date_gmt":"2025-05-04T15:49:07","guid":{"rendered":"https:\/\/www.europesays.com\/fr\/74560\/"},"modified":"2025-05-04T15:49:07","modified_gmt":"2025-05-04T15:49:07","slug":"voici-les-previsions-a-paris-et-en-ile-de-france-des-ce-lundi","status":"publish","type":"post","link":"https:\/\/www.europesays.com\/fr\/74560\/","title":{"rendered":"voici les pr\u00e9visions \u00e0 Paris et en \u00cele-de-France d\u00e8s ce lundi"},"content":{"rendered":"<p>            Par<br \/>\n        <strong><br \/>\n            <a href=\"https:\/\/actu.fr\/auteur\/antoine-grotteria02\" title=\"Consulter tous les articles de Antoine Grotteria\" target=\"_blank\" rel=\"noopener\">Antoine Grotteria<\/a><br \/>\n        <\/strong><\/p>\n<p>        Publi\u00e9 le<\/p>\n<p>            4 mai 2025 \u00e0 17h16        <\/p>\n<p>Elles \u00e9taient attendues. \u00c0 l\u2019aube du <strong>mouvement social<\/strong> <a href=\"https:\/\/actu.fr\/societe\/greve-a-la-sncf-vers-une-semaine-noire-pour-le-pont-du-8-mai-ce-qu-il-faut-savoir_62586223.html\" target=\"_blank\" rel=\"noopener\">initi\u00e9<\/a> par plusieurs syndicats de la <a href=\"https:\/\/actu.fr\/societe\/greve-sncf-nous-sommes-loin-d-une-semaine-noire-affirme-le-pdg-de-sncf-voyageurs_62592860.html\" target=\"_blank\" rel=\"noopener\">SNCF<\/a>, qui r\u00e9clament une augmentation des salaires et une refonte d\u2019un logiciel de planning, les <strong>pr\u00e9visions<\/strong> viennent d\u2019\u00eatre communiqu\u00e9es par la compagnie ferroviaire ce dimanche 4\u00a0mai 2025. \u00c0 <a href=\"https:\/\/actu.fr\/paris\/\" target=\"_blank\" rel=\"noopener\">Paris<\/a> et en <a href=\"https:\/\/actu.fr\/ile-de-france\/\" target=\"_blank\" rel=\"noopener\">\u00cele-de-France<\/a>, plusieurs lignes de RER et du Transilien seront directement concern\u00e9es d\u00e8s ce lundi 5\u00a0mai 2025.<\/p>\n<p>Deux trains sur trois dans la partie sud du RER B<\/p>\n<p class=\" wall-content\">\u00c0 commencer par le <a href=\"https:\/\/actu.fr\/tag\/rer-b\" target=\"_blank\" rel=\"noopener\">RER B<\/a>. <strong>Un train sur deux<\/strong> circulera dans la partie nord, et <strong>deux trains sur trois<\/strong>\u00a0dans la partie sud, lundi\u00a05 et mardi 6\u00a0mai. L\u2019interconnexion \u00e0 la Gare du Nord sera maintenue.\u00a0M\u00eame programme sur le <a href=\"https:\/\/actu.fr\/tag\/rer-c\" target=\"_blank\" rel=\"noopener\">RER C<\/a>. Les branches qui relient le Val-d\u2019Oise \u00e0 l\u2019Essonne en passant par Paris, le Val-de-Marne et les Hauts-de-Seine seront entrav\u00e9es, avec <strong>un train sur deux<\/strong> durant toute la journ\u00e9e.<\/p>\n<p class=\" wall-content\">\n<p class=\" wall-content\">\n<p class=\" wall-content\">Les perturbations commenceront ce mardi 6\u00a0mai 2025 pour <a href=\"https:\/\/actu.fr\/tag\/rer-d\" target=\"_blank\" rel=\"noopener\">le RER D<\/a>. Le trafic sera <strong>\u00ab\u2009l\u00e9g\u00e8rement perturb\u00e9\u2009\u00bb<\/strong> entre Juvisy\/Malesherbes et Corbeil\/Melin, avant un durcissement ce mercredi 7\u00a0mai. Selon la SNCF, toute la ligne sera \u00ab<strong>\u2009fortement perturb\u00e9e<\/strong>\u2009\u00bb.<\/p>\n<p class=\" wall-content\">\n<p class=\" wall-content\">Pour les usagers du RER E, la situation sera plus appr\u00e9ciable. <strong>Quatre trains sur cinq<\/strong> sont pr\u00e9vus ce lundi 5\u00a0mai. Ce qui ne sera pas le cas sur les lignes H, N, U et V du Transilien. Sur le r\u00e9seau social X, la compagnie indique que le trafic sera \u00ab\u2009perturb\u00e9\u2009\u00bb sur l\u2019ensemble de la ligne H, lundi, \u00ab\u2009except\u00e9 entre Pontoise et Creil\u2009\u00bb. Le trafic sera <strong>r\u00e9duit de moiti\u00e9<\/strong> sur les lignes N, U et V.<\/p>\n<p class=\" wall-content\">\n<p class=\" wall-content\">\n<p class=\" wall-content\">La mobilisation lanc\u00e9e ce lundi 5\u00a0mai est \u00e0 l\u2019initiative du principal syndicat de la SNCF, la <strong>CGT-Cheminots<\/strong>. Elle concerne les contr\u00f4leurs et les conducteurs de train. D\u00e8s ce mercredi 7 mai, le collectif national ASCT (CNA) prendra le relais en appelant les conducteurs \u00e0 interrompre le travail. Puis, le vendredi 9, le samedi 10 et le dimanche 11 mai, ce seront les contr\u00f4leurs qui se grefferont \u00e0 la mobilisation \u00e0 l\u2019appel du syndicat<strong> SUD-Rail<\/strong>.<\/p>\n<p>Vid\u00e9os : en ce moment sur Actu<\/p>\n<p class=\" wall-content\">Suivez toute l\u2019actualit\u00e9 de vos villes et m\u00e9dias favoris en vous inscrivant \u00e0 <a href=\"https:\/\/moncompte.actu.fr\" title=\"D\u00e9couvez Mon Actu\" rel=\"nofollow noopener\" data-trk=\"{&quot;cta&quot;:{&quot;action&quot;:&quot;https:\\\/\\\/moncompte.actu.fr&quot;,&quot;category&quot;:&quot;mon compte&quot;,&quot;from&quot;:&quot;article footer&quot;,&quot;name&quot;:&quot;Mon actu&quot;,&quot;type&quot;:&quot;cta&quot;}}\" target=\"_blank\">Mon Actu<\/a>.<\/p>\n","protected":false},"excerpt":{"rendered":"Par Antoine Grotteria Publi\u00e9 le 4 mai 2025 \u00e0 17h16 Elles \u00e9taient attendues. \u00c0 l\u2019aube du mouvement social&hellip;\n","protected":false},"author":2,"featured_media":74561,"comment_status":"","ping_status":"","sticky":false,"template":"","format":"standard","meta":{"footnotes":""},"categories":[1888],"tags":[11,1777,674,1011,27,6151,12,626,25,2215,104,2803],"class_list":{"0":"post-74560","1":"post","2":"type-post","3":"status-publish","4":"format-standard","5":"has-post-thumbnail","7":"category-paris","8":"tag-actualites","9":"tag-eu","10":"tag-europe","11":"tag-fr","12":"tag-france","13":"tag-greve","14":"tag-news","15":"tag-paris","16":"tag-republique-francaise","17":"tag-sncf","18":"tag-societe","19":"tag-transport"},"share_on_mastodon":{"url":"https:\/\/pubeurope.com\/@fr\/114450357757531774","error":""},"_links":{"self":[{"href":"https:\/\/www.europesays.com\/fr\/wp-json\/wp\/v2\/posts\/74560","targetHints":{"allow":["GET"]}}],"collection":[{"href":"https:\/\/www.europesays.com\/fr\/wp-json\/wp\/v2\/posts"}],"about":[{"href":"https:\/\/www.europesays.com\/fr\/wp-json\/wp\/v2\/types\/post"}],"author":[{"embeddable":true,"href":"https:\/\/www.europesays.com\/fr\/wp-json\/wp\/v2\/users\/2"}],"replies":[{"embeddable":true,"href":"https:\/\/www.europesays.com\/fr\/wp-json\/wp\/v2\/comments?post=74560"}],"version-history":[{"count":0,"href":"https:\/\/www.europesays.com\/fr\/wp-json\/wp\/v2\/posts\/74560\/revisions"}],"wp:featuredmedia":[{"embeddable":true,"href":"https:\/\/www.europesays.com\/fr\/wp-json\/wp\/v2\/media\/74561"}],"wp:attachment":[{"href":"https:\/\/www.europesays.com\/fr\/wp-json\/wp\/v2\/media?parent=74560"}],"wp:term":[{"taxonomy":"category","embeddable":true,"href":"https:\/\/www.europesays.com\/fr\/wp-json\/wp\/v2\/categories?post=74560"},{"taxonomy":"post_tag","embeddable":true,"href":"https:\/\/www.europesays.com\/fr\/wp-json\/wp\/v2\/tags?post=74560"}],"curies":[{"name":"wp","href":"https:\/\/api.w.org\/{rel}","templated":true}]}}