{"id":74562,"date":"2025-05-04T15:50:09","date_gmt":"2025-05-04T15:50:09","guid":{"rendered":"https:\/\/www.europesays.com\/fr\/74562\/"},"modified":"2025-05-04T15:50:09","modified_gmt":"2025-05-04T15:50:09","slug":"une-cohabitation-psg-stade-francais-et-paris-fc-dans-le-meme-quartier-il-ny-aura-jamais-2-matchs-en-meme-temps","status":"publish","type":"post","link":"https:\/\/www.europesays.com\/fr\/74562\/","title":{"rendered":"Une cohabitation PSG, Stade Fran\u00e7ais et Paris FC dans le m\u00eame quartier : \u00ab\u00a0Il n\u2019y aura jamais 2 matchs en m\u00eame temps\u00a0\u00bb"},"content":{"rendered":"<p class=\"paragraph text_align_left\">Les actualit\u00e9s sportives parisiennes s\u2019encha\u00eenent et avec elles, de belles \u00e9motions. En un an, la Ville Lumi\u00e8re a vibr\u00e9 au rythme des <a href=\"https:\/\/www.leparisien.fr\/jo-paris-2024\/jo-paris-2024-42-records-battus-plus-de-9-millions-de-billets-vendus-les-chiffres-fous-de-ces-jeux-11-08-2024-5UTTTF5ACRHQJKC6IARV7YN2BA.php\" target=\"_blank\" rel=\"nofollow noopener\">Jeux de Paris 2024<\/a>, a vu son <a href=\"https:\/\/www.leparisien.fr\/sports\/basket\/un-grand-coup-de-pied-au-cul-comment-le-paris-basketball-revolutionne-le-basket-francais-13-12-2024-OJLVVKQTJZBUPPFWFNANPZP22Y.php\" target=\"_blank\" rel=\"nofollow noopener\">club de basket<\/a> devenir un grand d\u2019Europe depuis sa nouvelle salle, l\u2019Adidas Arena de la porte de la Chapelle. Et tandis que le <a href=\"https:\/\/www.leparisien.fr\/sports\/football\/psg\/\" target=\"_blank\" rel=\"noreferrer nofollow noopener\">PSG<\/a> a fait un s\u00e9rieux pas vers la finale de la Ligue des champions, le <a href=\"https:\/\/www.leparisien.fr\/sports\/football\/ligue-1\/le-paris-fc-en-ligue-1-deux-clubs-parisiens-au-sein-de-lelite-ce-nest-pas-une-premiere-02-05-2025-X64VTN6PXNFADNP4W7FGG3ERVU.php\" target=\"_blank\" rel=\"nofollow noopener\">Paris FC<\/a>, autre club de la capitale, d\u00e9barque en Ligue 1.<\/p>\n","protected":false},"excerpt":{"rendered":"Les actualit\u00e9s sportives parisiennes s\u2019encha\u00eenent et avec elles, de belles \u00e9motions. En un an, la Ville Lumi\u00e8re a&hellip;\n","protected":false},"author":2,"featured_media":74563,"comment_status":"","ping_status":"","sticky":false,"template":"","format":"standard","meta":{"footnotes":""},"categories":[1888],"tags":[11,1777,674,1011,27,1944,12,626,25,60],"class_list":{"0":"post-74562","1":"post","2":"type-post","3":"status-publish","4":"format-standard","5":"has-post-thumbnail","7":"category-paris","8":"tag-actualites","9":"tag-eu","10":"tag-europe","11":"tag-fr","12":"tag-france","13":"tag-ma-ville","14":"tag-news","15":"tag-paris","16":"tag-republique-francaise","17":"tag-sports"},"share_on_mastodon":{"url":"https:\/\/pubeurope.com\/@fr\/114450361497672293","error":""},"_links":{"self":[{"href":"https:\/\/www.europesays.com\/fr\/wp-json\/wp\/v2\/posts\/74562","targetHints":{"allow":["GET"]}}],"collection":[{"href":"https:\/\/www.europesays.com\/fr\/wp-json\/wp\/v2\/posts"}],"about":[{"href":"https:\/\/www.europesays.com\/fr\/wp-json\/wp\/v2\/types\/post"}],"author":[{"embeddable":true,"href":"https:\/\/www.europesays.com\/fr\/wp-json\/wp\/v2\/users\/2"}],"replies":[{"embeddable":true,"href":"https:\/\/www.europesays.com\/fr\/wp-json\/wp\/v2\/comments?post=74562"}],"version-history":[{"count":0,"href":"https:\/\/www.europesays.com\/fr\/wp-json\/wp\/v2\/posts\/74562\/revisions"}],"wp:featuredmedia":[{"embeddable":true,"href":"https:\/\/www.europesays.com\/fr\/wp-json\/wp\/v2\/media\/74563"}],"wp:attachment":[{"href":"https:\/\/www.europesays.com\/fr\/wp-json\/wp\/v2\/media?parent=74562"}],"wp:term":[{"taxonomy":"category","embeddable":true,"href":"https:\/\/www.europesays.com\/fr\/wp-json\/wp\/v2\/categories?post=74562"},{"taxonomy":"post_tag","embeddable":true,"href":"https:\/\/www.europesays.com\/fr\/wp-json\/wp\/v2\/tags?post=74562"}],"curies":[{"name":"wp","href":"https:\/\/api.w.org\/{rel}","templated":true}]}}