{"id":745625,"date":"2026-02-19T17:31:10","date_gmt":"2026-02-19T17:31:10","guid":{"rendered":"https:\/\/www.europesays.com\/fr\/745625\/"},"modified":"2026-02-19T17:31:10","modified_gmt":"2026-02-19T17:31:10","slug":"peine-reduite-en-appel-pour-lex-chef-des-zouaves-paris","status":"publish","type":"post","link":"https:\/\/www.europesays.com\/fr\/745625\/","title":{"rendered":"peine r\u00e9duite en appel pour l&rsquo;ex-chef des Zouaves Paris"},"content":{"rendered":"<p>                    Par<br \/>\n        <strong><br \/>\n            <a href=\"https:\/\/actu.fr\/auteur\/julie-bossart-actu-fr\" title=\"Consulter tous les articles de Julie Bossart\" rel=\"nofollow noopener\" target=\"_blank\">Julie Bossart<\/a><br \/>\n                    <\/strong><\/p>\n<p>        Publi\u00e9 le<\/p>\n<p>            19 f\u00e9vr. 2026 \u00e0 18h09        <\/p>\n<p>Quelques mois gagn\u00e9s en appel. Marc de Cacqueray\u2011Valmenier a \u00e9t\u00e9 condamn\u00e9 ce jeudi 19\u00a0f\u00e9vrier 2026 \u00e0 Paris \u00e0 un an de prison dont six mois ferme am\u00e9nageables en d\u00e9tention \u00e0 domicile sous bracelet. L\u2019ex-dirigeant du groupuscule d\u2019ultradroite dissous <a href=\"https:\/\/actu.fr\/ile-de-france\/paris_75056\/videos-qui-sont-les-zouaves-paris-groupe-neonazi-et-fasciste-soutien-d-eric-zemmour_47030493.html\" rel=\"nofollow noopener\" target=\"_blank\">les Zouaves Paris<\/a> \u00e9tait rejug\u00e9 pour des <a href=\"https:\/\/actu.fr\/ile-de-france\/villepinte_93078\/video-des-militants-sos-racisme-frappes-par-des-soutiens-d-eric-zemmour-au-meeting-de-villepinte_46981979.html\" rel=\"nofollow noopener\" target=\"_blank\">violences contre des militants de SOS Racisme<\/a> lors d\u2019un meeting d<a href=\"https:\/\/actu.fr\/tag\/eric-zemmour\" rel=\"nofollow noopener\" target=\"_blank\">\u2019\u00c9ric Zemmour<\/a> en d\u00e9cembre\u00a02021 \u00e0 Villepinte, en Seine-Saint-Denis.<br \/>Dans son jugement, la <a href=\"https:\/\/actu.fr\/tag\/tribunal-de-paris\" rel=\"nofollow noopener\" target=\"_blank\">cour d\u2019appel<\/a> pr\u00e9cise que Marc de Cacqueray\u2011Valmenier a interdiction d\u2019entrer en contact avec les victimes ainsi qu\u2019avec les coauteurs de l\u2019agression pendant cinq ans. Il est \u00e9galement condamn\u00e9 \u00e0 une interdiction de d\u00e9tenir une arme pendant la m\u00eame p\u00e9riode.<\/p>\n<p>Reconnu formellement par des victimes<\/p>\n<p class=\" wall-content\">En premi\u00e8re instance en d\u00e9cembre\u00a02024, le tribunal correctionnel de Bobigny avait <a href=\"https:\/\/actu.fr\/ile-de-france\/bobigny_93008\/militants-sos-racisme-agresses-lors-d-un-meeting-d-eric-zemmour-l-ex-dirigeant-des-zouaves-paris-condamne_62129375.html\" rel=\"nofollow noopener\" target=\"_blank\">condamn\u00e9 le militant \u00e0 dix-huit mois<\/a> d\u2019emprisonnement dont neuf ferme, retenant que les Zouaves Paris avaient agi comme \u00ab\u2009un service d\u2019ordre officieux\u2009\u00bb de la r\u00e9union publique de promotion du pr\u00e9sident du parti Reconqu\u00eate, alors candidat d\u2019extr\u00eame droite \u00e0 la pr\u00e9sidentielle de 2022.<\/p>\n<p class=\" wall-content\">Le 5 d\u00e9cembre 2021, lors du premier meeting de campagne d\u2019\u00c9ric Zemmour, douze militants de SOS Racisme \u00e9taient mont\u00e9s sur des chaises pour exhiber sur leur tee-shirt chacun une lettre de la phrase \u00ab\u2009non au racisme\u2009\u00bb, \u00e9galement scand\u00e9e. Ils avaient alors \u00e9t\u00e9 agress\u00e9s \u00e0 coups de poing, de pied ou de mobilier jet\u00e9 sur eux.<\/p>\n<p class=\" wall-content\">Le tribunal avait appuy\u00e9 sa d\u00e9cision sur l\u2019\u00ab\u2009identification initiale par les services de renseignement\u2009\u00bb de Marc de Cacqueray-Valmenier parmi les agresseurs, ainsi que sur sa \u00ab\u2009reconnaissance formelle\u2009\u00bb par plusieurs victimes. Pendant le proc\u00e8s, le pr\u00e9venu avait ni\u00e9 toute participation aux violences et contest\u00e9 avoir dirig\u00e9 le groupuscule ultranationaliste, assurant ne l\u2019avoir \u00ab\u2009fr\u00e9quent\u00e9 que de mani\u00e8re anecdotique\u2009\u00bb en 2020.<\/p>\n<p>D\u00e9j\u00e0 condamn\u00e9<\/p>\n<p class=\" wall-content\">Le gouvernement avait annonc\u00e9 en janvier 2022<a href=\"https:\/\/actu.fr\/ile-de-france\/paris_75056\/le-groupuscule-d-ultradroite-les-zouaves-paris-a-ete-dissous-par-le-gouvernement_47696546.html\" rel=\"nofollow noopener\" target=\"_blank\"> la dissolution des Zouaves Paris<\/a>, groupe informel apparu en 2017 et accus\u00e9 d\u2019\u00eatre \u00e0 l\u2019origine de nombreux \u00ab\u2009agissements violents\u2009\u00bb ou de diffuser \u00ab\u2009r\u00e9guli\u00e8rement des images reprenant les symboles de l\u2019id\u00e9ologie nazie\u2009\u00bb.<\/p>\n<p class=\" wall-content\">Marc de Cacqueray-Valmenier, 27\u00a0ans, a <a href=\"https:\/\/actu.fr\/ile-de-france\/paris_75056\/le-leader-des-zouaves-paris-groupe-fasciste-dissous-en-prison-apres-une-manifestation-anti-pass_48069891.html\" rel=\"nofollow noopener\" target=\"_blank\">d\u00e9j\u00e0 \u00e9t\u00e9 condamn\u00e9, en janvier\u00a02022 \u00e0 Paris<\/a>, \u00e0 un an de prison ferme am\u00e9nag\u00e9e en d\u00e9tention \u00e0 domicile sous bracelet \u00e9lectronique, pour violence en r\u00e9union sans incapacit\u00e9, lors d\u2019une exp\u00e9dition dans un bar de la mouvance antifasciste \u00e0 Paris. En 2023, la Cour de cassation a confirm\u00e9 sa condamnation \u00e0 quatre mois d\u2019emprisonnement avec sursis pour violences aggrav\u00e9es contre un jeune homme de la mouvance antifasciste en 2017.<\/p>\n<p class=\" wall-content\">avec AFP<\/p>\n<p class=\" wall-content\">Personnalisez votre actualit\u00e9 en ajoutant vos villes et m\u00e9dias en favori avec <a href=\"https:\/\/moncompte.actu.fr\" title=\"D\u00e9couvez Mon Actu\" rel=\"nofollow noopener\" data-trk=\"{&quot;cta&quot;:{&quot;action&quot;:&quot;https:\\\/\\\/moncompte.actu.fr&quot;,&quot;category&quot;:&quot;mon compte&quot;,&quot;from&quot;:&quot;article footer&quot;,&quot;name&quot;:&quot;Mon actu&quot;,&quot;type&quot;:&quot;cta&quot;}}\" target=\"_blank\">Mon Actu<\/a>.<\/p>\n","protected":false},"excerpt":{"rendered":"Par Julie Bossart Publi\u00e9 le 19 f\u00e9vr. 2026 \u00e0 18h09 Quelques mois gagn\u00e9s en appel. Marc de Cacqueray\u2011Valmenier&hellip;\n","protected":false},"author":2,"featured_media":745626,"comment_status":"","ping_status":"","sticky":false,"template":"","format":"standard","meta":{"footnotes":"","_share_on_mastodon":"0"},"categories":[1888],"tags":[1111,1928,11,1927,1777,674,1076,118,1011,27,303,12,1926,626,1925,25,2949],"class_list":["post-745625","post","type-post","status-publish","format-standard","has-post-thumbnail","category-paris","tag-actu","tag-actu-paris","tag-actualites","tag-actualites-paris","tag-eu","tag-europe","tag-extreme-droite","tag-faits-divers","tag-fr","tag-france","tag-justice","tag-news","tag-news-paris","tag-paris","tag-paris-news","tag-republique-francaise","tag-violences"],"share_on_mastodon":{"url":"https:\/\/pubeurope.com\/@fr\/116098490980787141","error":""},"_links":{"self":[{"href":"https:\/\/www.europesays.com\/fr\/wp-json\/wp\/v2\/posts\/745625","targetHints":{"allow":["GET"]}}],"collection":[{"href":"https:\/\/www.europesays.com\/fr\/wp-json\/wp\/v2\/posts"}],"about":[{"href":"https:\/\/www.europesays.com\/fr\/wp-json\/wp\/v2\/types\/post"}],"author":[{"embeddable":true,"href":"https:\/\/www.europesays.com\/fr\/wp-json\/wp\/v2\/users\/2"}],"replies":[{"embeddable":true,"href":"https:\/\/www.europesays.com\/fr\/wp-json\/wp\/v2\/comments?post=745625"}],"version-history":[{"count":0,"href":"https:\/\/www.europesays.com\/fr\/wp-json\/wp\/v2\/posts\/745625\/revisions"}],"wp:featuredmedia":[{"embeddable":true,"href":"https:\/\/www.europesays.com\/fr\/wp-json\/wp\/v2\/media\/745626"}],"wp:attachment":[{"href":"https:\/\/www.europesays.com\/fr\/wp-json\/wp\/v2\/media?parent=745625"}],"wp:term":[{"taxonomy":"category","embeddable":true,"href":"https:\/\/www.europesays.com\/fr\/wp-json\/wp\/v2\/categories?post=745625"},{"taxonomy":"post_tag","embeddable":true,"href":"https:\/\/www.europesays.com\/fr\/wp-json\/wp\/v2\/tags?post=745625"}],"curies":[{"name":"wp","href":"https:\/\/api.w.org\/{rel}","templated":true}]}}