{"id":745631,"date":"2026-02-19T17:34:18","date_gmt":"2026-02-19T17:34:18","guid":{"rendered":"https:\/\/www.europesays.com\/fr\/745631\/"},"modified":"2026-02-19T17:34:18","modified_gmt":"2026-02-19T17:34:18","slug":"vols-limoges-paris-quinze-passagers-sur-150-places-pour-la-reprise-quelles-perspectives-pour-la-liaison-aerienne","status":"publish","type":"post","link":"https:\/\/www.europesays.com\/fr\/745631\/","title":{"rendered":"Vols Limoges &#8211; Paris : quinze passagers sur 150 places pour la reprise, quelles perspectives pour la liaison a\u00e9rienne ?"},"content":{"rendered":"<p class=\"article__intro\">Les vols entre Limoges et Paris Orly ont repris ce jeudi 19 f\u00e9vrier. Le faible taux de remplissage des premiers avions peut questionner, alors que la liaison avait \u00e9t\u00e9 arr\u00eat\u00e9e en 2023 par manque de fr\u00e9quentation. Volotea se veut optimiste et compte d\u00e9velopper son ancrage sur le territoire avec de futurs destinations vers l&rsquo;Europe et l&rsquo;Afrique.<\/p>\n<p>\n      L\u2019actu des r\u00e9gions\n    <\/p>\n<p>\n      Chaque jour, un tour d\u2019horizon des principales infos de toutes les r\u00e9gions.\n    <\/p>\n<p>    France T\u00e9l\u00e9visions utilise votre adresse e-mail afin de vous envoyer la newsletter \u00ab\u00a0L\u2019actu des r\u00e9gions\u00a0\u00bb. Vous pouvez vous d\u00e9sinscrire \u00e0 tout moment via le lien en bas de cette newsletter. <a target=\"_blank\" href=\"https:\/\/www.francetelevisions.fr\/groupe\/confidentialite\/politique-de-confidentialite\/politique-de-confidentialite-de-france-televisions-6503\" rel=\"nofollow noopener\">Notre politique de confidentialit\u00e9<\/a><\/p>\n<p>Le soleil n&rsquo;est pas encore lev\u00e9 que les premiers voyageurs vers Paris se pressent sur le tarmac de l&rsquo;a\u00e9roport Limoges Bellegarde. <\/p>\n<p>La liaison a\u00e9rienne entre les deux villes a repris, ce jeudi 19 f\u00e9vrier, \u00e0 6 h35 pour le premier d\u00e9collage. Cela faisait trois ans qu&rsquo;elle n&rsquo;\u00e9tait plus assur\u00e9e. \u00ab\u00a0Pour le travail, pour faire un aller-retour, c&rsquo;est tr\u00e8s bien. Je vais juste \u00e0 c\u00f4t\u00e9 d&rsquo;Orly, c&rsquo;est pratique\u00a0\u00bb, t\u00e9moigne Patrice, l&rsquo;un des voyageurs qui avait jusque-l\u00e0 l&rsquo;habitude de prendre le TGV au d\u00e9part de Poitiers ou Angoul\u00eame.<\/p>\n<p>Deux rotations par jour en semaine et un aller-retour le dimanche, seront d\u00e9sormais assur\u00e9s par la compagnie low-cost espagnole Volotea. Le Syndicat mixte de l&rsquo;A\u00e9roport de Limoges Bellegarde s&rsquo;est battu pour arriver \u00e0 cette reprise, en obtenant d&rsquo;abord une Obligation de service public (OSP), puis en parvenant \u00e0 r\u00e9unir les financements n\u00e9cessaires. L&rsquo;op\u00e9ration co\u00fbte 5,6 millions d&rsquo;euros \u00e0 l&rsquo;Etat et aux collectivit\u00e9s locales entre le mois de f\u00e9vrier 2026 et fin mars 2027, date jusqu&rsquo;\u00e0 laquelle court le contrat avec Volotea.<\/p>\n<p><a data-article-figure=\"\" href=\"https:\/\/france3-regions.franceinfo.fr\/image\/DI8l6uh3aVPaXmQ_j5GtGg6CtA4\/1920x1080\/regions\/2026\/02\/19\/aeroport-limoges-69973b100f48c272618593.jpg\" data-pswp-width=\"1920\" data-pswp-height=\"1080\" target=\"_blank\" rel=\"nofollow noopener\"><\/p>\n<p>          <img width=\"600\" height=\"400\" class=\"article-image lazy\" data-src=\"https:\/\/www.europesays.com\/fr\/wp-content\/uploads\/2026\/02\/aeroport-limoges-69973b100f48c272618593.jpg\" alt=\"La liaison a\u00e9rienne entre Limoges et Paris assur\u00e9e par Volotea est, pour l'instant, temporaire. Une Oligation de service public a \u00e9t\u00e9 accord\u00e9e par l'\u00e9tat jusqu'\u00e0 fin mars 2027.\" fetchpriority=\"high\" as=\"image\"\/><\/p>\n<p>\n            La liaison a\u00e9rienne entre Limoges et Paris assur\u00e9e par Volotea est, pour l&rsquo;instant, temporaire. Une Oligation de service public a \u00e9t\u00e9 accord\u00e9e par l&rsquo;\u00e9tat jusqu&rsquo;\u00e0 fin mars 2027.<br \/>\n                           \u2022<br \/>\n                                      \u00a9 Noelle Vaille \/ France T\u00e9l\u00e9visions\n                      <\/p>\n<p><\/a><\/p>\n<p>Pour le vol inaugural de ce jeudi 19 f\u00e9vrier, seulement une quinzaine de places ont \u00e9t\u00e9 vendues. Un chiffre peu \u00e9lev\u00e9, malgr\u00e9 les 150 si\u00e8ges disponibles. \u00ab\u00a0La mise en vente ne date que de deux semaines. Cela a \u00e9t\u00e9 tr\u00e8s rapide entre l&rsquo;attribution du march\u00e9 \u00e0 Volotea et le premier vol. Ce matin, 17 passagers, c&rsquo;est une excellente nouvelle. Ils seront un peu plus ce soir\u00a0\u00bb, se satisfait n\u00e9anmoins le pr\u00e9sident de la CCI de la Haute-Vienne (gestionnaire de l&rsquo;a\u00e9roport), qui se veut confiant quant \u00e0 l&rsquo;avenir de cette ligne.<\/p>\n<p>En f\u00e9vrier 2023, Chalair avait d\u00e9cid\u00e9 de stopper la liaison Limoges &#8211; Paris pour des raisons budg\u00e9taires et par manque de fr\u00e9quentation. La compagnie avait commenc\u00e9 par proposer des billets vers Orly \u00e0 58 euros, mais l&rsquo;aller-retour \u00e0 bord de ses petits avions pouvait atteindre 300 \u00e0 400 euros.<\/p>\n<p><a data-article-figure=\"\" href=\"https:\/\/france3-regions.franceinfo.fr\/image\/eklZyoWhjtoValCO2nvNnfzfCtQ\/1920x1080\/regions\/2026\/02\/19\/volotea-69973bce90880487950374.jpg\" data-pswp-width=\"1920\" data-pswp-height=\"1080\" target=\"_blank\" rel=\"nofollow noopener\"><\/p>\n<p>          <img width=\"600\" height=\"400\" class=\"article-image lazy\" data-src=\"https:\/\/www.europesays.com\/fr\/wp-content\/uploads\/2026\/02\/volotea-69973bce90880487950374.jpg\" alt=\"Les avions utilis\u00e9s par Volotea disposent de pr\u00e8s de 150 si\u00e8ges pour ses vols entre Limoges et Paris. \" fetchpriority=\"high\" as=\"image\"\/><\/p>\n<p>\n            Les avions utilis\u00e9s par Volotea disposent de pr\u00e8s de 150 si\u00e8ges pour ses vols entre Limoges et Paris.<br \/>\n                           \u2022<br \/>\n                                      \u00a9 Noelle Vaille \/ France T\u00e9l\u00e9visions\n                      <\/p>\n<p><\/a><\/p>\n<p>L&rsquo;offre de Volotea est plus attractive avec un aller \u00e0 partir de 49 euros, quand un billet de train Intercit\u00e9s en seconde classe co\u00fbte en moyenne une trentaine d&rsquo;euros. Reste pour la compagnie \u00e0 trouver sa client\u00e8le qui, ce jeudi matin, \u00e9tait constitu\u00e9e exclusivement de travailleurs.<\/p>\n<p>\u00ab\u00a0La mise en route est toujours progressive. Vous verrez que les remplissages vont augmenter de mani\u00e8re significative. Il y a, dans Limoges, une grande campagne de communication. Nous voyons que les r\u00e9servations augmentent de jour en jour, mais comme c&rsquo;est une ligne domestique, les clients ne s&rsquo;engagent pas forc\u00e9ment tr\u00e8s longtemps \u00e0 l&rsquo;avance. Ils l&#8217;empruntent pour des rendez-vous m\u00e9dicaux ou d&rsquo;affaires\u00a0\u00bb, souligne Gilles Gosselin, le responsable France de Volotea.<\/p>\n<p>La dur\u00e9e de cette nouvelle liaison a\u00e9rienne a \u00e9t\u00e9 fix\u00e9e \u00e0 14 mois, jusqu&rsquo;en mars 2027. L&rsquo;Obligation de service public (OSP) a \u00e9t\u00e9 d\u00e9livr\u00e9e jusqu&rsquo;en avril 2027, en attendant la fin des travaux et le d\u00e9ploiement des rames Oxyg\u00e8ne sur la ligne ferroviaire POLT (Paris &#8211; Orl\u00e9ans &#8211; Limoges &#8211; Toulouse). Ces derni\u00e8res devraient alors permettre de rejoindre en train la capitale en moins de 3 heures.<\/p>\n<p>Tout comme le responsable France de Volotea, le pr\u00e9sident de la CCI de la Haute-Vienne souhaite que la ligne soit maintenue ensuite. \u00ab\u00a0En 2027, l&rsquo;avion continuera \u00e0 voler, je l&rsquo;esp\u00e8re. Nous ne pouvons surtout pas opposer train et avion. Pour ce qui est des rames Oxyg\u00e8nes, nous les attendons depuis tellement longtemps avec leurs quatorze allers-retours par jour. Avant que nous en soyons l\u00e0, l&rsquo;avion \u00e0 de beaux jours devant lui\u00a0\u00bb, estime Pierre Massy, qui voit plus \u00ab\u00a0d&rsquo;avantages\u00a0\u00bb que \u00ab\u00a0d&rsquo;inconv\u00e9nients\u00a0\u00bb \u00e0 la mobilit\u00e9 a\u00e9rienne.<\/p>\n<p>Alors que le d\u00e9r\u00e8glement climatique se manifeste de plus en plus durement entre s\u00e9cheresses et inondations, l&#8217;empreinte carbone de l&rsquo;aviation commerciale est r\u00e9guli\u00e8rement point\u00e9e du doigt. Notamment lorsqu&rsquo;il est question de destinations int\u00e9rieures pour lesquelles des alternatives moins \u00ab\u00a0polluantes\u00a0\u00bb existent. \u00ab\u00a0Des trains en panne, est-ce que pour le confort des collaborateurs contraints de rester en pleine voie pendant des heures, la qualit\u00e9 de vie au travail est respect\u00e9e ? Je n&rsquo;en suis pas s\u00fbr. Arr\u00eatons de voir le verre \u00e0 moiti\u00e9 vide. L\u00e0, nous avons une bonne nouvelle, sautons sur l&rsquo;occasion\u00a0\u00bb, r\u00e9pond Pierre Massy.<\/p>\n<p>De son c\u00f4t\u00e9, la compagnie espagnole entend d\u00e9velopper son ancrage sur le territoire gr\u00e2ce \u00e0 de nouvelles destinations au d\u00e9part de Limoges. \u00ab\u00a0Dans quelques jours, nous annoncerons de nouvelles routes a\u00e9riennes domestiques, vers l&rsquo;Europe et vers l&rsquo;Alg\u00e9rie. Ce qui va \u00eatre \u00e0 nouveau une excellente nouvelle. Notre objectif est de d\u00e9velopper la connectivit\u00e9 au d\u00e9part de l&rsquo;a\u00e9roport\u00a0\u00bb, assure le responsable France de Volotea.<\/p>\n","protected":false},"excerpt":{"rendered":"Les vols entre Limoges et Paris Orly ont repris ce jeudi 19 f\u00e9vrier. Le faible taux de remplissage&hellip;\n","protected":false},"author":2,"featured_media":745632,"comment_status":"","ping_status":"","sticky":false,"template":"","format":"standard","meta":{"footnotes":"","_share_on_mastodon":"0"},"categories":[1888],"tags":[11,1777,674,1011,27,12,626,25],"class_list":["post-745631","post","type-post","status-publish","format-standard","has-post-thumbnail","category-paris","tag-actualites","tag-eu","tag-europe","tag-fr","tag-france","tag-news","tag-paris","tag-republique-francaise"],"share_on_mastodon":{"url":"https:\/\/pubeurope.com\/@fr\/116098502859123219","error":""},"_links":{"self":[{"href":"https:\/\/www.europesays.com\/fr\/wp-json\/wp\/v2\/posts\/745631","targetHints":{"allow":["GET"]}}],"collection":[{"href":"https:\/\/www.europesays.com\/fr\/wp-json\/wp\/v2\/posts"}],"about":[{"href":"https:\/\/www.europesays.com\/fr\/wp-json\/wp\/v2\/types\/post"}],"author":[{"embeddable":true,"href":"https:\/\/www.europesays.com\/fr\/wp-json\/wp\/v2\/users\/2"}],"replies":[{"embeddable":true,"href":"https:\/\/www.europesays.com\/fr\/wp-json\/wp\/v2\/comments?post=745631"}],"version-history":[{"count":0,"href":"https:\/\/www.europesays.com\/fr\/wp-json\/wp\/v2\/posts\/745631\/revisions"}],"wp:featuredmedia":[{"embeddable":true,"href":"https:\/\/www.europesays.com\/fr\/wp-json\/wp\/v2\/media\/745632"}],"wp:attachment":[{"href":"https:\/\/www.europesays.com\/fr\/wp-json\/wp\/v2\/media?parent=745631"}],"wp:term":[{"taxonomy":"category","embeddable":true,"href":"https:\/\/www.europesays.com\/fr\/wp-json\/wp\/v2\/categories?post=745631"},{"taxonomy":"post_tag","embeddable":true,"href":"https:\/\/www.europesays.com\/fr\/wp-json\/wp\/v2\/tags?post=745631"}],"curies":[{"name":"wp","href":"https:\/\/api.w.org\/{rel}","templated":true}]}}