{"id":74570,"date":"2025-05-04T15:54:08","date_gmt":"2025-05-04T15:54:08","guid":{"rendered":"https:\/\/www.europesays.com\/fr\/74570\/"},"modified":"2025-05-04T15:54:08","modified_gmt":"2025-05-04T15:54:08","slug":"ca-narrivera-pas-limprobable-reconciliation-du-prince-harry-avec-la-famille-royale","status":"publish","type":"post","link":"https:\/\/www.europesays.com\/fr\/74570\/","title":{"rendered":"\u00ab\u00a0\u00c7a n\u2019arrivera pas\u00a0\u00bb\u2026 L\u2019improbable r\u00e9conciliation du prince Harry avec la famille royale"},"content":{"rendered":"<p>Dans une r\u00e9cente interview, le <a href=\"https:\/\/www.20minutes.fr\/arts-stars\/people\/prince_harry\/\" class=\"color-ultramarine c-link\" target=\"_blank\" rel=\"noopener\">prince Harry<\/a> a exprim\u00e9 son d\u00e9sir de r\u00e9conciliation avec sa famille et notamment son p\u00e8re, le roi <a href=\"https:\/\/www.20minutes.fr\/dossier\/prince_charles\" class=\"color-ultramarine c-link\" target=\"_blank\" rel=\"noopener\">Charles III<\/a>. Malheureusement, il semble que la route vers un apaisement soit sem\u00e9e d\u2019emb\u00fbches\u2026 Interrog\u00e9 par<a href=\"https:\/\/www.thetimes.com\/uk\/royal-family\/article\/prince-harry-reconciliation-interview-v6f3cjctz\" rel=\"nofollow noopener\" target=\"_blank\" class=\"color-ultramarine c-link\"> le Sunday Times<\/a>, un proche du roi Charles III a lanc\u00e9 samedi\u00a0: \u00ab\u00a0Ce n\u2019est pas que le roi refuse de lui parler, c\u2019est qu\u2019il ne le peut pas. Comment peut-on avoir une conversation priv\u00e9e et d\u00e9licate quand on sait qu\u2019elle finira au JT dans les heures qui suivent\u00a0? Peut-\u00eatre que s\u2019il essayait d\u2019obtenir une r\u00e9conciliation plut\u00f4t que de l\u2019exiger, les choses pourraient un peu s\u2019arranger. C\u2019est tout simplement tragique.\u00a0\u00bb<\/p>\n<p>Ce manque de confiance mutuelle semble \u00eatre devenu un obstacle majeur \u00e0 toute tentative de r\u00e9conciliation. \u00ab\u00a0Tout le monde aimerait les voir se r\u00e9concilier, mais cela n\u2019arrivera pas. Du moins, pas pour le moment\u00a0\u00bb, tranche Robert Hardman, journaliste et biographe de la famille royale, cit\u00e9 par le <a href=\"https:\/\/www.dailymail.co.uk\/news\/article-14675605\/Close-friend-King-reveals-trust-Prince-Harrys-ability-private-family-conversations-private-means-Charles-reconcile-former-protection-officer-blasts-Dukes-stitch-comment-offensive.html\" rel=\"nofollow noopener\" target=\"_blank\" class=\"color-ultramarine c-link\">Daily Mail<\/a>. De quoi doucher encore un peu plus les espoirs du Prince Harry.<\/p>\n<p>\u00ab\u00a0Il ne prend plus mes appels\u00a0\u00bb<\/p>\n<p>Vendredi, lors d\u2019une interview donn\u00e9e \u00e0 la <a href=\"https:\/\/www.20minutes.fr\/dossier\/bbc\" class=\"color-ultramarine c-link\" target=\"_blank\" rel=\"noopener\">BBC<\/a>, le second fils du roi s\u2019est confi\u00e9 sur sa relation tumultueuse avec la famille royale. \u00ab\u00a0Je tente de joindre mon p\u00e8re, mais il ne prend plus mes appels,\u00a0\u00bb a-t-il regrett\u00e9. Le mari de <a href=\"https:\/\/www.20minutes.fr\/people\/meghan-markle\/\" class=\"color-ultramarine c-link\" target=\"_blank\" rel=\"noopener\">Meghan Markle<\/a>, a ajout\u00e9, apr\u00e8s cinq ans de rupture avec sa famille\u00a0: \u00ab\u00a0la vie est pr\u00e9cieuse, je ne sais pas combien de temps il reste \u00e0 mon p\u00e8re.\u00a0\u00bb<\/p>\n<\/p>\n<p>Le <a href=\"https:\/\/www.20minutes.fr\/monde\/roi\/\" class=\"color-ultramarine c-link\" target=\"_blank\" rel=\"noopener\">roi<\/a> est en effet atteint d\u2019un <a href=\"https:\/\/www.20minutes.fr\/dossier\/cancer\" class=\"color-ultramarine c-link\" target=\"_blank\" rel=\"noopener\">cancer<\/a>, dont la nature n\u2019a jamais \u00e9t\u00e9 d\u00e9voil\u00e9e. Le prince Harry estime qu\u2019il ne peut plus se rendre au Royaume-Uni pour des raisons de s\u00e9curit\u00e9. Sa famille (qui vit en <a href=\"https:\/\/www.20minutes.fr\/dossier\/californie\" class=\"color-ultramarine c-link\" target=\"_blank\" rel=\"noopener\">Californie<\/a>) a en effet perdu la protection syst\u00e9matique pr\u00e9vue pour les membres actifs de la famille royale, pay\u00e9e par le contribuable britannique. Malgr\u00e9 les appels r\u00e9p\u00e9t\u00e9s du prince \u00e0 une r\u00e9conciliation, les tensions familiales et les divergences autour de la s\u00e9curit\u00e9 de ses proches restent un obstacle majeur \u00e0 la restauration des liens avec la famille royale.<\/p>\n","protected":false},"excerpt":{"rendered":"Dans une r\u00e9cente interview, le prince Harry a exprim\u00e9 son d\u00e9sir de r\u00e9conciliation avec sa famille et notamment&hellip;\n","protected":false},"author":2,"featured_media":74571,"comment_status":"","ping_status":"","sticky":false,"template":"","format":"standard","meta":{"footnotes":""},"categories":[1588],"tags":[47,11,581,1777,674,908,74,12,267,473,1853,971,1851,1850,1852],"class_list":{"0":"post-74570","1":"post","2":"type-post","3":"status-publish","4":"format-standard","5":"has-post-thumbnail","7":"category-royaume-uni","8":"tag-actualite","9":"tag-actualites","10":"tag-charles-iii","11":"tag-eu","12":"tag-europe","13":"tag-meghan-markle","14":"tag-monde","15":"tag-news","16":"tag-prince-harry","17":"tag-royaume-uni","18":"tag-royaume-uni-de-grande-bretagne-et-dirlande-du-nord","19":"tag-royaute","20":"tag-uk","21":"tag-united-kingdom","22":"tag-united-kingdom-of-great-britain-and-northern-ireland"},"share_on_mastodon":{"url":"https:\/\/pubeurope.com\/@fr\/114450377220612990","error":""},"_links":{"self":[{"href":"https:\/\/www.europesays.com\/fr\/wp-json\/wp\/v2\/posts\/74570","targetHints":{"allow":["GET"]}}],"collection":[{"href":"https:\/\/www.europesays.com\/fr\/wp-json\/wp\/v2\/posts"}],"about":[{"href":"https:\/\/www.europesays.com\/fr\/wp-json\/wp\/v2\/types\/post"}],"author":[{"embeddable":true,"href":"https:\/\/www.europesays.com\/fr\/wp-json\/wp\/v2\/users\/2"}],"replies":[{"embeddable":true,"href":"https:\/\/www.europesays.com\/fr\/wp-json\/wp\/v2\/comments?post=74570"}],"version-history":[{"count":0,"href":"https:\/\/www.europesays.com\/fr\/wp-json\/wp\/v2\/posts\/74570\/revisions"}],"wp:featuredmedia":[{"embeddable":true,"href":"https:\/\/www.europesays.com\/fr\/wp-json\/wp\/v2\/media\/74571"}],"wp:attachment":[{"href":"https:\/\/www.europesays.com\/fr\/wp-json\/wp\/v2\/media?parent=74570"}],"wp:term":[{"taxonomy":"category","embeddable":true,"href":"https:\/\/www.europesays.com\/fr\/wp-json\/wp\/v2\/categories?post=74570"},{"taxonomy":"post_tag","embeddable":true,"href":"https:\/\/www.europesays.com\/fr\/wp-json\/wp\/v2\/tags?post=74570"}],"curies":[{"name":"wp","href":"https:\/\/api.w.org\/{rel}","templated":true}]}}