{"id":745745,"date":"2026-02-19T18:42:17","date_gmt":"2026-02-19T18:42:17","guid":{"rendered":"https:\/\/www.europesays.com\/fr\/745745\/"},"modified":"2026-02-19T18:42:17","modified_gmt":"2026-02-19T18:42:17","slug":"maif-affiche-ses-convictions-avec-bbdo-paris-image","status":"publish","type":"post","link":"https:\/\/www.europesays.com\/fr\/745745\/","title":{"rendered":"MAIF affiche ses convictions avec BBDO Paris &#8211; Image"},"content":{"rendered":"<p>A l&rsquo;occasion des \u00e9lections de ses repr\u00e9sentants, MAIF d\u00e9ploie avec BBDO Paris (ex DDB Paris) une campagne compos\u00e9e de trois messages : \u00ab Une soci\u00e9t\u00e9 solide est une soci\u00e9t\u00e9 solidaire. \u00bb L\u2019assureur multiplie les actions pour l&rsquo;\u00e9galit\u00e9 des chances et l&rsquo;inclusion. Une conviction : on ne construit rien de durable sans se serrer les coudes.\n<\/p>\n<p>\u00ab On n&rsquo;a rien contre les actionnaires. Mais on n&rsquo;a rien pour eux non plus. \u00bb Parce qu&rsquo;elle est une mutuelle, MAIF n&rsquo;a pas d&rsquo;actionnaires \u00e0 r\u00e9mun\u00e9rer. Son seul dividende se verse \u00e0 la plan\u00e8te, finan\u00e7ant des projets climatiques et de biodiversit\u00e9 au b\u00e9n\u00e9fice de tous.\u00a0<\/p>\n<p>\u00ab\u00c0 l&rsquo;int\u00e9r\u00eat de quelques-uns, on pr\u00e9f\u00e8re l&rsquo;int\u00e9r\u00eat de tous. \u00bb Ses 4 millions de soci\u00e9taires prennent les d\u00e9cisions. Cette campagne s&rsquo;inscrit dans la volont\u00e9 de MAIF de communiquer ouvertement sur ce qui la distingue. Elle invite les Fran\u00e7ais \u00e0 d\u00e9couvrir ou red\u00e9couvrir un mod\u00e8le d&rsquo;assurance responsable, transparent et tourn\u00e9 vers l&rsquo;int\u00e9r\u00eat collectif.\n<\/p>\n<p>                 <img fetchpriority=\"high\" decoding=\"async\" loading=\"eager\"   width=\"800\" height=\"1074\" src=\"https:\/\/www.europesays.com\/fr\/wp-content\/uploads\/2026\/02\/IMG_7533.jpeg\" alt=\"MAIF\" typeof=\"foaf:Image\"\/><\/p>\n<p>                 <img decoding=\"async\" loading=\"eager\"   width=\"789\" height=\"1081\" src=\"https:\/\/www.europesays.com\/fr\/wp-content\/uploads\/2026\/02\/IMG_7534.jpeg\" alt=\"MAIF\" typeof=\"foaf:Image\"\/><\/p>\n<p>                 <img decoding=\"async\" loading=\"eager\"   width=\"800\" height=\"1024\" src=\"https:\/\/www.europesays.com\/fr\/wp-content\/uploads\/2026\/02\/IMG_7535.jpeg\" alt=\"MAIF\" typeof=\"foaf:Image\"\/><\/p>\n<p>                 <img decoding=\"async\" loading=\"eager\"   width=\"800\" height=\"511\" src=\"https:\/\/www.europesays.com\/fr\/wp-content\/uploads\/2026\/02\/IMG_7532.jpeg\" alt=\"MAIF\" typeof=\"foaf:Image\"\/><\/p>\n","protected":false},"excerpt":{"rendered":"A l&rsquo;occasion des \u00e9lections de ses repr\u00e9sentants, MAIF d\u00e9ploie avec BBDO Paris (ex DDB Paris) une campagne compos\u00e9e&hellip;\n","protected":false},"author":2,"featured_media":745746,"comment_status":"","ping_status":"","sticky":false,"template":"","format":"standard","meta":{"footnotes":"","_share_on_mastodon":"0"},"categories":[1888],"tags":[1111,1928,11,1927,1777,674,1011,27,12,1926,626,1925,25],"class_list":["post-745745","post","type-post","status-publish","format-standard","has-post-thumbnail","category-paris","tag-actu","tag-actu-paris","tag-actualites","tag-actualites-paris","tag-eu","tag-europe","tag-fr","tag-france","tag-news","tag-news-paris","tag-paris","tag-paris-news","tag-republique-francaise"],"share_on_mastodon":{"url":"https:\/\/pubeurope.com\/@fr\/116098770265274854","error":""},"_links":{"self":[{"href":"https:\/\/www.europesays.com\/fr\/wp-json\/wp\/v2\/posts\/745745","targetHints":{"allow":["GET"]}}],"collection":[{"href":"https:\/\/www.europesays.com\/fr\/wp-json\/wp\/v2\/posts"}],"about":[{"href":"https:\/\/www.europesays.com\/fr\/wp-json\/wp\/v2\/types\/post"}],"author":[{"embeddable":true,"href":"https:\/\/www.europesays.com\/fr\/wp-json\/wp\/v2\/users\/2"}],"replies":[{"embeddable":true,"href":"https:\/\/www.europesays.com\/fr\/wp-json\/wp\/v2\/comments?post=745745"}],"version-history":[{"count":0,"href":"https:\/\/www.europesays.com\/fr\/wp-json\/wp\/v2\/posts\/745745\/revisions"}],"wp:featuredmedia":[{"embeddable":true,"href":"https:\/\/www.europesays.com\/fr\/wp-json\/wp\/v2\/media\/745746"}],"wp:attachment":[{"href":"https:\/\/www.europesays.com\/fr\/wp-json\/wp\/v2\/media?parent=745745"}],"wp:term":[{"taxonomy":"category","embeddable":true,"href":"https:\/\/www.europesays.com\/fr\/wp-json\/wp\/v2\/categories?post=745745"},{"taxonomy":"post_tag","embeddable":true,"href":"https:\/\/www.europesays.com\/fr\/wp-json\/wp\/v2\/tags?post=745745"}],"curies":[{"name":"wp","href":"https:\/\/api.w.org\/{rel}","templated":true}]}}