{"id":745749,"date":"2026-02-19T18:45:32","date_gmt":"2026-02-19T18:45:32","guid":{"rendered":"https:\/\/www.europesays.com\/fr\/745749\/"},"modified":"2026-02-19T18:45:32","modified_gmt":"2026-02-19T18:45:32","slug":"paris-une-cycliste-meurt-ecrasee-par-un-camion-pres-de-barbes","status":"publish","type":"post","link":"https:\/\/www.europesays.com\/fr\/745749\/","title":{"rendered":"Paris\u00a0: une cycliste meurt \u00e9cras\u00e9e par un camion pr\u00e8s de Barb\u00e8s"},"content":{"rendered":"<p>Une jeune femme est morte ce jeudi matin sur les routes parisiennes. Elle circulait \u00e0 v\u00e9lo et a \u00e9t\u00e9 percut\u00e9e par un camion dans le Nord du Xe arrondissement.\n<\/p>\n<p>Une cycliste a \u00e9t\u00e9 mortellement fauch\u00e9e par un camion ce jeudi 19 f\u00e9vrier, dans le Xe arrondissement de Paris. Elle a \u00e9t\u00e9 renvers\u00e9e peu avant 9 heures par un poids-lourd. L&rsquo;accident mortel s&rsquo;est produit au niveau d&rsquo;un carrefour du boulevard Magenta, <strong>aux alentours de la station de m\u00e9tro Barb\u00e8s Rochechouart,<\/strong> selon la police.<\/p>\n<p>\u00c0 lire aussi   <img decoding=\"async\" src=\"https:\/\/www.europesays.com\/fr\/wp-content\/uploads\/2026\/02\/1771526732_690_400x400.jpeg\" alt=\"\" style=\"--_image-preview:url('data:image\/jpeg;base64,\/9j\/2wBDACgcHiMeGSgjISMtKygwPGRBPDc3PHtYXUlkkYCZlo+AjIqgtObDoKrarYqMyP\/L2u71\/\/\/\/m8H\/\/\/\/6\/+b9\/\/j\/2wBDASstLTw1PHZBQXb4pYyl+Pj4+Pj4+Pj4+Pj4+Pj4+Pj4+Pj4+Pj4+Pj4+Pj4+Pj4+Pj4+Pj4+Pj4+Pj4+Pj4+Pj\/wAARCAAXACoDASIAAhEBAxEB\/8QAGAABAQEBAQAAAAAAAAAAAAAAAAEDBAL\/xAAYEAEAAwEAAAAAAAAAAAAAAAAAAQISEf\/EABQBAQAAAAAAAAAAAAAAAAAAAAD\/xAAUEQEAAAAAAAAAAAAAAAAAAAAA\/9oADAMBAAIRAxEAPwCzd4m7KbvM3BrpYsw0sWB0xZdOeLrsHP06AHToAul0AP\/Z');\" loading=\"lazy\" fetchpriority=\"low\" aria-hidden=\"true\" class=\"svelte-1cksh76 rounded\" onload=\"this.__e=event\" onerror=\"this.__e=event\"\/><\/p>\n<p>La maire du Xe arrondissement, Alexandra Cordenbard, confirme cet accident sur le r\u00e9seau social X\u00a0: \u00ab\u00a0Une jeune cycliste est d\u00e9c\u00e9d\u00e9e ce matin, percut\u00e9e par un camion pr\u00e8s du Louxor. C\u2019est un drame terrible qui nous rappelle la n\u00e9cessit\u00e9 absolue de prot\u00e9ger les cyclistes, vuln\u00e9rables sur la route face aux v\u00e9hicules\u00a0\u00bb, \u00e9crit l&rsquo;\u00e9lue.<br \/>La pr\u00e9fecture de police de Paris pr\u00e9cise que les d\u00e9pistages d&rsquo;alcool et de stup\u00e9fiants ont \u00e9t\u00e9 n\u00e9gatifs.<br \/>Le candidat \u00e0 la mairie de Paris Emmanuel Gr\u00e9goire a rapidement r\u00e9agit sur les r\u00e9seaux sociaux, estimant n\u00e9cessaire \u00ab\u00a0de renforcer les dispositifs de s\u00e9curit\u00e9 sur les poids lourds en milieu urbain\u00a0\u00bb.<\/p>\n<p>En 2024, plusieurs associations de cyclistes ont list\u00e9 <a target=\"_blank\" rel=\"nofollow noopener noreferrer\" class=\"IciLink ici-link IciArticleLink g-ici-body-regular-1 underline brand svelte-1chfe2s\" href=\"https:\/\/umap.openstreetmap.fr\/fr\/map\/les-200-carrefours-les-plus-dangereux-a-velo_1138415#13\/48.856979\/2.336655\">via une carte interactive<\/a>\u00a0200 carrefours parisiens qu&rsquo;ils estiment <strong>dangereux pour les personnes \u00e0 v\u00e9lo<\/strong>. Apr\u00e8s l&rsquo;accident de ce jeudi matin, l&rsquo;association francilienne Mieux se D\u00e9placer \u00e0 Bicyclette estime sur\u00a0<a target=\"_blank\" rel=\"nofollow noopener noreferrer\" class=\"IciLink ici-link IciArticleLink g-ici-body-regular-1 underline brand svelte-1chfe2s\" href=\"https:\/\/www.facebook.com\/MDBvelo\/?locale=fr_FR\">sa page Facebook<\/a>\u00a0que \u00ab\u00a0la s\u00e9curisation des grands carrefours parisiens doit \u00eatre une priorit\u00e9 imm\u00e9diate du prochain mandat municipal\u00a0\u00bb. Le 27 janvier, une autre jeune femme avait perdu la vie apr\u00e8s avoir \u00e9t\u00e9 fauch\u00e9e par un camion, dans le XIIe arrondissement de Paris.<\/p>\n","protected":false},"excerpt":{"rendered":"Une jeune femme est morte ce jeudi matin sur les routes parisiennes. Elle circulait \u00e0 v\u00e9lo et a&hellip;\n","protected":false},"author":2,"featured_media":745750,"comment_status":"","ping_status":"","sticky":false,"template":"","format":"standard","meta":{"footnotes":"","_share_on_mastodon":"0"},"categories":[1888],"tags":[11,1777,674,1011,27,12,626,25],"class_list":["post-745749","post","type-post","status-publish","format-standard","has-post-thumbnail","category-paris","tag-actualites","tag-eu","tag-europe","tag-fr","tag-france","tag-news","tag-paris","tag-republique-francaise"],"share_on_mastodon":{"url":"https:\/\/pubeurope.com\/@fr\/116098782078021271","error":""},"_links":{"self":[{"href":"https:\/\/www.europesays.com\/fr\/wp-json\/wp\/v2\/posts\/745749","targetHints":{"allow":["GET"]}}],"collection":[{"href":"https:\/\/www.europesays.com\/fr\/wp-json\/wp\/v2\/posts"}],"about":[{"href":"https:\/\/www.europesays.com\/fr\/wp-json\/wp\/v2\/types\/post"}],"author":[{"embeddable":true,"href":"https:\/\/www.europesays.com\/fr\/wp-json\/wp\/v2\/users\/2"}],"replies":[{"embeddable":true,"href":"https:\/\/www.europesays.com\/fr\/wp-json\/wp\/v2\/comments?post=745749"}],"version-history":[{"count":0,"href":"https:\/\/www.europesays.com\/fr\/wp-json\/wp\/v2\/posts\/745749\/revisions"}],"wp:featuredmedia":[{"embeddable":true,"href":"https:\/\/www.europesays.com\/fr\/wp-json\/wp\/v2\/media\/745750"}],"wp:attachment":[{"href":"https:\/\/www.europesays.com\/fr\/wp-json\/wp\/v2\/media?parent=745749"}],"wp:term":[{"taxonomy":"category","embeddable":true,"href":"https:\/\/www.europesays.com\/fr\/wp-json\/wp\/v2\/categories?post=745749"},{"taxonomy":"post_tag","embeddable":true,"href":"https:\/\/www.europesays.com\/fr\/wp-json\/wp\/v2\/tags?post=745749"}],"curies":[{"name":"wp","href":"https:\/\/api.w.org\/{rel}","templated":true}]}}