{"id":745987,"date":"2026-02-19T21:07:13","date_gmt":"2026-02-19T21:07:13","guid":{"rendered":"https:\/\/www.europesays.com\/fr\/745987\/"},"modified":"2026-02-19T21:07:13","modified_gmt":"2026-02-19T21:07:13","slug":"images-pedopornographiques-sur-icloud-un-procureur-poursuit-apple-aux-usa","status":"publish","type":"post","link":"https:\/\/www.europesays.com\/fr\/745987\/","title":{"rendered":"Images p\u00e9dopornographiques sur iCloud: un procureur poursuit Apple aux USA"},"content":{"rendered":"<p style=\"margin-top:5px\">San Francisco (awp\/afp) &#8211; Un procureur am\u00e9ricain a annonc\u00e9 jeudi des poursuites contre Apple, accusant son service de stockage iCloud de servir de refuge \u00e0 des contenus p\u00e9dopornographiques, la marque \u00e0 la pomme invoquant depuis plusieurs ann\u00e9es le risque de \u00ab\u00a0surveillance de masse\u00a0\u00bb pour refuser une analyse constante des donn\u00e9es.<\/p>\n<p>La proc\u00e9dure a \u00e9t\u00e9 lanc\u00e9e par le procureur g\u00e9n\u00e9ral de Virginie Occidentale (est), John Bohen McCuskey, qui reproche \u00e0 Apple de permettre l&rsquo;utilisation d&rsquo;iCloud pour stocker et diffuser des images d&rsquo;actes sexuels sur des mineurs.<\/p>\n<p>\u00ab\u00a0Pr\u00e9server la vie priv\u00e9e des pr\u00e9dateurs d&rsquo;enfants est absolument inexcusable\u00a0\u00bb, a d\u00e9clar\u00e9 jeudi dans un communiqu\u00e9 ce procureur r\u00e9publicain.<\/p>\n<p>Apple subit la pression d&rsquo;organisations de protection de l&rsquo;enfance depuis sa d\u00e9cision, il y a quelques ann\u00e9es, de ne pas autoriser l&rsquo;analyse des donn\u00e9es stock\u00e9es sur iCloud, invoquant le risque de d\u00e9tournement par les autorit\u00e9s pour de la surveillance de masse.<\/p>\n<p>\u00ab\u00a0Tous nos dispositifs de contr\u00f4le parental et nos fonctionnalit\u00e9s de pointe sont con\u00e7us avec la s\u00e9curit\u00e9 et la confidentialit\u00e9 de nos utilisateurs au coeur de leur conception\u00a0\u00bb, a r\u00e9torqu\u00e9 jeudi un porte-parole d&rsquo;Apple joint par l&rsquo;AFP.<\/p>\n<p>Depuis 2021, les appareils de la marque soumis au contr\u00f4le parental affichent automatiquement un avertissement lorsqu&rsquo;une nudit\u00e9 est d\u00e9tect\u00e9e dans l&rsquo;application Messages, les photos partag\u00e9es, le service de partage AirDrop ou les appels vid\u00e9o via FaceTime, a ajout\u00e9 le porte-parole.<\/p>\n<p>Apple avait justifi\u00e9 son refus d&rsquo;un examen syst\u00e9matique des archives num\u00e9riques de ses utilisateurs dans une lettre de 2023 \u00e0 un groupe de d\u00e9fense des mineurs.<\/p>\n<p>\u00ab\u00a0L&rsquo;analyse pour d\u00e9tecter, par exemple, un certain type de contenu, ouvre la porte \u00e0 une surveillance de masse\u00a0\u00bb, affirmait Apple dans cette lettre.<\/p>\n<p>\u00ab\u00a0Comment les utilisateurs peuvent-ils \u00eatre assur\u00e9s qu&rsquo;un outil de surveillance pour un type de contenu ne sera pas reconfigur\u00e9 pour surveiller d&rsquo;autres contenus, tels que l&rsquo;activit\u00e9 politique ou la pers\u00e9cution religieuse?\u00a0\u00bb, s&rsquo;interrogeait le groupe.<\/p>\n<p>afp\/rp<\/p>\n","protected":false},"excerpt":{"rendered":"San Francisco (awp\/afp) &#8211; Un procureur am\u00e9ricain a annonc\u00e9 jeudi des poursuites contre Apple, accusant son service de&hellip;\n","protected":false},"author":2,"featured_media":745988,"comment_status":"","ping_status":"","sticky":false,"template":"","format":"standard","meta":{"footnotes":"","_share_on_mastodon":"0"},"categories":[1589],"tags":[11,340,73,1866,12,1864,1865,1863,308],"class_list":["post-745987","post","type-post","status-publish","format-standard","has-post-thumbnail","category-etats-unis","tag-actualites","tag-bourse","tag-etats-unis","tag-etats-unis-damerique","tag-news","tag-united-states","tag-united-states-of-america","tag-us","tag-usa"],"share_on_mastodon":{"url":"https:\/\/pubeurope.com\/@fr\/116099340476190365","error":""},"_links":{"self":[{"href":"https:\/\/www.europesays.com\/fr\/wp-json\/wp\/v2\/posts\/745987","targetHints":{"allow":["GET"]}}],"collection":[{"href":"https:\/\/www.europesays.com\/fr\/wp-json\/wp\/v2\/posts"}],"about":[{"href":"https:\/\/www.europesays.com\/fr\/wp-json\/wp\/v2\/types\/post"}],"author":[{"embeddable":true,"href":"https:\/\/www.europesays.com\/fr\/wp-json\/wp\/v2\/users\/2"}],"replies":[{"embeddable":true,"href":"https:\/\/www.europesays.com\/fr\/wp-json\/wp\/v2\/comments?post=745987"}],"version-history":[{"count":0,"href":"https:\/\/www.europesays.com\/fr\/wp-json\/wp\/v2\/posts\/745987\/revisions"}],"wp:featuredmedia":[{"embeddable":true,"href":"https:\/\/www.europesays.com\/fr\/wp-json\/wp\/v2\/media\/745988"}],"wp:attachment":[{"href":"https:\/\/www.europesays.com\/fr\/wp-json\/wp\/v2\/media?parent=745987"}],"wp:term":[{"taxonomy":"category","embeddable":true,"href":"https:\/\/www.europesays.com\/fr\/wp-json\/wp\/v2\/categories?post=745987"},{"taxonomy":"post_tag","embeddable":true,"href":"https:\/\/www.europesays.com\/fr\/wp-json\/wp\/v2\/tags?post=745987"}],"curies":[{"name":"wp","href":"https:\/\/api.w.org\/{rel}","templated":true}]}}