{"id":74603,"date":"2025-05-04T16:13:18","date_gmt":"2025-05-04T16:13:18","guid":{"rendered":"https:\/\/www.europesays.com\/fr\/74603\/"},"modified":"2025-05-04T16:13:18","modified_gmt":"2025-05-04T16:13:18","slug":"la-verite-cest-que-david-maries-au-premier-regard-2025-revele-la-triste-raison-de-labsence-de-ses-parents-a-son-mariage","status":"publish","type":"post","link":"https:\/\/www.europesays.com\/fr\/74603\/","title":{"rendered":"\u00ab\u00a0La v\u00e9rit\u00e9 c\u2019est que\u2026\u00a0\u00bb David (Mari\u00e9s au premier regard 2025) r\u00e9v\u00e8le la triste raison de l\u2019absence de ses parents \u00e0 son mariage"},"content":{"rendered":"<p>Les fans de Mari\u00e9s au premier regard ont pu assister au mariage de David et Marina dans l&rsquo;\u00e9mission de M6, en l\u2019absence des parents du jeune homme. Ce dimanche 4 mai, il a expliqu\u00e9 pourquoi on ne les voyait jamais \u00e0 l&rsquo;antenne.<\/p>\n<p>Les t\u00e9l\u00e9spectateurs de M6 l\u2019ont vu dans des moments intimes, notamment pr\u00eat \u00e0 s\u2019unir \u00e0 une inconnue. Mais il y a une chose que les fans de <a href=\"https:\/\/www.programme-tv.net\/news\/tele-realite\/378051-en-larmes-laury-maries-au-premier-regard-2025-menace-d-arreter-l-experience-apres-des-propos-d-anthony-dans-le-prochain-episode-a-voir-des-maintenant\/\" data-api-deeplink=\"teleloisirs:\/\/news\/378051\" target=\"_blank\" rel=\"noopener\">Mari\u00e9s au premier regard<\/a> ne savent pas sur <a href=\"https:\/\/www.programme-tv.net\/news\/tele-realite\/377977-ma-mere-deteste-les-chauves-la-fille-de-marina-maries-au-premier-regard-2025-raconte-le-moment-ou-sa-mere-lui-a-annonce-qu-elle-allait-se-marier-avec-david\/\" data-api-deeplink=\"teleloisirs:\/\/news\/377977\" target=\"_blank\" rel=\"noopener\">David<\/a>, c\u2019est qui sont ses parents. Le Sudiste de quarante-trois ans qui a dit oui \u00e0 Marina est n\u00e9 en Colombie, a \u00e9t\u00e9 abandonn\u00e9 \u00e0 la naissance et s\u2019est fait adopter par une famille fran\u00e7aise. Mais durant l\u2019\u00e9mission, il n\u2019en a pas dit davantage sur sa m\u00e8re et son p\u00e8re adoptifs. Comme le public est curieux, quelques internautes lui ont pos\u00e9 des questions sur le sujet. En story Instagram, ce dimanche 4 mai, il a fait une mise au point. \u00ab\u00a0Je re\u00e7ois beaucoup de commentaires et de messages me demandant pourquoi mes parents adoptifs n\u2019\u00e9taient pas pr\u00e9sents au mariage et pourquoi je ne parle pas d\u2019eux. <b>La v\u00e9rit\u00e9 c\u2019est qu&rsquo;ils ne sont plus l\u00e0. Ils me manquent chaque jour et particuli\u00e8rement dans les moments importants<\/b>\u00ab\u00a0, a-t-il \u00e9crit.<\/p>\n<p>David (Mari\u00e9s au premier regard) a rencontr\u00e9 sa m\u00e8re biologique il y a deux ans<\/p>\n<p>S\u2019il n\u2019en a pas dit plus sur les personnes qui l\u2019ont \u00e9lev\u00e9, David a plusieurs fois parl\u00e9 \u00e0 l&rsquo;antenne de sa famille biologique. En 2023, il s\u2019est rendu \u00e0 Bogot\u00e1 pour <a href=\"https:\/\/www.programme-tv.net\/news\/tele-realite\/376953-ma-mere-ma-abandonne-david-le-futur-mari-de-marina-maries-au-premier-regard-2025-revient-sur-son-passe-douloureux\/\" data-api-deeplink=\"teleloisirs:\/\/news\/376953\" target=\"_blank\" rel=\"noopener\">retrouver les traces de ses anc\u00eatres<\/a>. \u00ab\u00a0J\u2019ai \u00e9t\u00e9 accueilli les bras ouverts, avec beaucoup d\u2019amour par ma m\u00e8re. Elle m\u2019a expliqu\u00e9 les raisons pour lesquelles elle m\u2019a abandonn\u00e9. C\u2019est parce qu\u2019elle voulait me donner le maximum de chance, et elle n\u2019\u00e9tait pas en mesure de me garder\u00a0\u00bb, a-t-il expliqu\u00e9. Une rencontre, dont des images ont \u00e9t\u00e9 diffus\u00e9es sur M6, qui lui a permis \u00e0 la fois de mettre des visages sur tout un pass\u00e9 inconnu et \u00ab\u00a0de comprendre que oui, je peux \u00eatre aim\u00e9\u00a0\u00bb. Il est d&rsquo;ailleurs retourn\u00e9 en Colombie avec des cam\u00e9ras pour r\u00e9v\u00e9ler son projet d&rsquo;\u00e9pouser une inconnue dans Mari\u00e9s au premier regard.<\/p>\n<p>                        Le mariage de David et Marina (Mari\u00e9s au premier regard) tiendra-t-il sur la dur\u00e9e ?<\/p>\n<p>Avoir rencontr\u00e9 sa famille biologique a semble-t-il d\u00e9bloqu\u00e9 quelque chose chez David. Jusqu\u2019alors, le p\u00e8re de deux filles de 15 et 9 ans avait v\u00e9cu ses histoires d\u2019amour avec la peur d\u2019\u00eatre abandonn\u00e9, comme dans son enfance. Un changement qui pourrait pr\u00e9sager de belles choses pour son couple avec Marina. La jeune femme appr\u00e9cie d\u00e9j\u00e0 les \u00ab\u00a0belles valeurs\u00a0\u00bb qu\u2019il pr\u00f4ne, m\u00eame si <a href=\"https:\/\/www.programme-tv.net\/news\/tele-realite\/378030-marina-maries-au-premier-regard-2025-cash-sur-le-physique-de-david-dans-le-prochain-episode-deja-disponible-le-premier-truc-que-j-ai-vu-c-est-son-crane\/\" data-api-deeplink=\"teleloisirs:\/\/news\/378030\" target=\"_blank\" rel=\"noopener\">un d\u00e9tail coince dans son apparence<\/a>. Dans le dernier \u00e9pisode de Mari\u00e9s au premier regard, on l\u2019a entendu dire \u00e0 sa famille : \u00ab\u00a0Quand je suis aupr\u00e8s de David, oui, je me sens bien. Je ne me force pas \u00e0 sourire, je sens que je peux me reposer sur lui.\u00a0\u00bb<\/p>\n<p>Article \u00e9crit en collaboration avec 6M\u00e9dias<\/p>\n","protected":false},"excerpt":{"rendered":"Les fans de Mari\u00e9s au premier regard ont pu assister au mariage de David et Marina dans l&rsquo;\u00e9mission&hellip;\n","protected":false},"author":2,"featured_media":74604,"comment_status":"","ping_status":"","sticky":false,"template":"","format":"standard","meta":{"footnotes":""},"categories":[1356],"tags":[1409,244,16730,58,59,1011,27,494,16729,5214,17914,17913,252,1364],"class_list":{"0":"post-74603","1":"post","2":"type-post","3":"status-publish","4":"format-standard","5":"has-post-thumbnail","7":"category-television","8":"tag-bande-annonce","9":"tag-commentaire","10":"tag-david-mariu00e9s-au-premier-regard-9","11":"tag-divertissement","12":"tag-entertainment","13":"tag-fr","14":"tag-france","15":"tag-m6","16":"tag-marina-mariu00e9s-au-premier-regard-9","17":"tag-mariu00e9s-au-premier-regard","18":"tag-mariu00e9s-au-premier-regard-e09","19":"tag-mariu00e9s-au-premier-regard-nouveau-rendez-vous-avec-lamour","20":"tag-television","21":"tag-tv"},"share_on_mastodon":{"url":"https:\/\/pubeurope.com\/@fr\/114450451934596029","error":""},"_links":{"self":[{"href":"https:\/\/www.europesays.com\/fr\/wp-json\/wp\/v2\/posts\/74603","targetHints":{"allow":["GET"]}}],"collection":[{"href":"https:\/\/www.europesays.com\/fr\/wp-json\/wp\/v2\/posts"}],"about":[{"href":"https:\/\/www.europesays.com\/fr\/wp-json\/wp\/v2\/types\/post"}],"author":[{"embeddable":true,"href":"https:\/\/www.europesays.com\/fr\/wp-json\/wp\/v2\/users\/2"}],"replies":[{"embeddable":true,"href":"https:\/\/www.europesays.com\/fr\/wp-json\/wp\/v2\/comments?post=74603"}],"version-history":[{"count":0,"href":"https:\/\/www.europesays.com\/fr\/wp-json\/wp\/v2\/posts\/74603\/revisions"}],"wp:featuredmedia":[{"embeddable":true,"href":"https:\/\/www.europesays.com\/fr\/wp-json\/wp\/v2\/media\/74604"}],"wp:attachment":[{"href":"https:\/\/www.europesays.com\/fr\/wp-json\/wp\/v2\/media?parent=74603"}],"wp:term":[{"taxonomy":"category","embeddable":true,"href":"https:\/\/www.europesays.com\/fr\/wp-json\/wp\/v2\/categories?post=74603"},{"taxonomy":"post_tag","embeddable":true,"href":"https:\/\/www.europesays.com\/fr\/wp-json\/wp\/v2\/tags?post=74603"}],"curies":[{"name":"wp","href":"https:\/\/api.w.org\/{rel}","templated":true}]}}