{"id":746325,"date":"2026-02-20T00:30:19","date_gmt":"2026-02-20T00:30:19","guid":{"rendered":"https:\/\/www.europesays.com\/fr\/746325\/"},"modified":"2026-02-20T00:30:19","modified_gmt":"2026-02-20T00:30:19","slug":"une-marche-sous-haute-tension-prevue-samedi-a-lyon","status":"publish","type":"post","link":"https:\/\/www.europesays.com\/fr\/746325\/","title":{"rendered":"une marche sous haute tension pr\u00e9vue samedi \u00e0 Lyon"},"content":{"rendered":"<p class=\"article-p mdl\">Ce jeudi 19 f\u00e9vrier, les parents du\u00a0<a class=\"link\" href=\"https:\/\/www.rtl.fr\/actu\/international\/que-chacun-reste-chez-soi-et-les-moutons-seront-bien-gardes-passe-d-armes-entre-macron-et-meloni-apres-la-mort-de-quentin-deranque-7900603370\" title=\"&quot;Que chacun reste chez soi et les moutons seront bien gard\u00e9s&quot; : passe d&#039;armes entre Macron et Meloni apr\u00e8s la mort de Quentin Deranque\" rel=\"nofollow noopener\" target=\"_blank\">militant identitaire \u00e2g\u00e9 de 23 ans Quentin Deranque<\/a>\u00a0ont lanc\u00e9 un appel \u00ab\u00a0au calme et \u00e0 la retenue\u00a0\u00bb, d\u00e9non\u00e7ant \u00ab\u00a0toute forme de violence politique\u00a0\u00bb, a rapport\u00e9 Me Fabien Rajon sur RTL ce jeudi 19 f\u00e9vrier. \u00c0 travers leur avocat, ils ont pr\u00e9cis\u00e9 qu\u2019ils ne participeraient pas au rassemblement pr\u00e9vu samedi.<\/p>\n<p class=\"article-p mdl\">Sur BFMTV, Me Fabien Rajon a confirm\u00e9 ult\u00e9rieurement : \u00ab\u00a0Ils ne la soutiennent pas et ils consid\u00e8rent que cette marche est une initiative qui ne leur appartient pas. Ils n\u2019en seront pas.\u00a0\u00bb Les parents souhaitent que l\u2019hommage \u00e0 leur fils se fasse \u00ab\u00a0de mani\u00e8re digne, calme et sans expression politique\u00a0\u00bb.<br \/>Selon leur conseil, ils esp\u00e8rent que \u00ab\u00a0si des personnes veulent s\u2019agr\u00e9ger \u00e0 cette initiative, qu\u2019elles le fassent dans le calme, dans la retenue et sans expression politique\u00a0\u00bb.<\/p>\n<p>            Une marche \u00e0 l&rsquo;initiative d&rsquo;Aliette Espieux, fondatrice du collectif anti-avortement G\u00e9n\u00e9ration Pro-Vie<\/p>\n<p class=\"article-p mdl\">Le rassemblement est pr\u00e9vu samedi \u00e0 15 heures, place Jean Jaur\u00e8s, \u00e0 l\u2019initiative d\u2019Aliette Espieux, fondatrice du collectif anti-avortement G\u00e9n\u00e9ration Pro-Vie, qui se pr\u00e9sente comme une proche de Quentin Deranque. Invit\u00e9e de RTL Midi ce jeudi, elle affirme vouloir maintenir l\u2019hommage. \u00ab\u00a0Oui je compte maintenir la marche, enfin je n\u2019ai pas eu d\u2019ordre contraire de la pr\u00e9fecture\u00a0\u00bb, explique-t-elle. Elle insiste sur la nature du rassemblement : \u00ab\u00a0On parle d\u2019un hommage, pas d\u2019un d\u00e9fil\u00e9, pas d\u2019une manifestation dans les rues de Lyon. On va se rendre sur les lieux du crime.\u00a0\u00bb<\/p>\n<p class=\"article-p mdl\">R\u00e9agissant aux accusations de l\u2019ultragauche, elle d\u00e9nonce des affirmations \u00ab\u00a0compl\u00e8tement fauses\u00a0\u00bb selon lesquelles elle organiserait \u00ab\u00a0un d\u00e9fil\u00e9 de n\u00e9o-nazis\u00a0\u00bb. Le maire de Lyon, Gr\u00e9gory Doucet n&rsquo;est lui-m\u00eame pas favorable \u00e0 cette marche blanche. \u00ab\u00a0Je trouve \u00e7a ind\u00e9cent que le maire ait agi de cette mani\u00e8re\u00a0\u00bb, poursuit-elle, assurant \u00eatre \u00ab\u00a0en lien avec la pr\u00e9fecture\u00a0\u00bb et \u00ab\u00a0avec les services de police\u00a0\u00bb pour que l\u2019hommage se d\u00e9roule \u00ab\u00a0de la fa\u00e7on la plus calme possible, la plus pacifique possible\u00a0\u00bb. Avant de conclure qu&rsquo;en cas de refus de la pr\u00e9fecture, la manifestation ne se tiendrait pas, \u00ab\u00a0mais je trouverais cela bizarre que la pr\u00e9fecture prenne le risque de l&rsquo;interdire\u00a0\u00bb, ajoute-t-elle.\u00a0<\/p>\n<p>            Le maire de Lyon demande l\u2019interdiction pour \u00ab\u00a0trouble \u00e0 l\u2019ordre public\u00a0\u00bb<\/p>\n<p class=\"article-p mdl\"><a class=\"link\" href=\"https:\/\/www.rtl.fr\/actu\/politique\/mort-de-quentin-deranque-pourquoi-le-maire-de-lyon-gregory-doucet-est-sous-pression-7900602995\" title=\"Mort de Quentin Deranque : pourquoi le maire de Lyon, Gr\u00e9gory Doucet, est sous pression\" rel=\"nofollow noopener\" target=\"_blank\">Le maire \u00e9cologiste de Lyon, Gr\u00e9gory Doucet<\/a>, a demand\u00e9 \u00e0 la pr\u00e9fecture du Rh\u00f4ne d\u2019interdire la marche pour des raisons de s\u00e9curit\u00e9. Dans un communiqu\u00e9, ce jeudi, il \u00e9voque des \u00ab\u00a0menaces \u00e0 l\u2019encontre d\u2019\u00e9lus\u00a0\u00bb et des \u00ab\u00a0d\u00e9gradations de permanences parlementaires\u00a0\u00bb.\u00a0<\/p>\n<p class=\"article-p mdl\">Selon lui, \u00ab\u00a0pour garantir un cadre serein et pr\u00e9venir toute violence, l\u2019interdiction de cette manifestation constitue la seule d\u00e9cision responsable\u00a0\u00bb. S\u2019il juge \u00ab\u00a0naturellement compr\u00e9hensible\u00a0\u00bb le rassemblement des proches, il estime que \u00ab\u00a0des \u00e9l\u00e9ments indiquent que l\u2019appel \u00e0 manifester circule \u00e9galement au sein de r\u00e9seaux d\u2019extr\u00eame droite \u00e0 l\u2019\u00e9chelle nationale et internationale, laissant redouter la venue d\u2019individus susceptibles de commettre des violences\u00a0\u00bb. Il dit avoir fait part de \u00ab\u00a0sa vive inqui\u00e9tude\u00a0\u00bb \u00e0 la pr\u00e9fecture.<\/p>\n<p>            Entre 1000 et 3000 personnes attendues<\/p>\n<p class=\"article-p mdl\">Selon les informations de RTL concordantes avec celles du Parisien, entre 1.000 et 3.000 personnes pourraient se rassembler samedi, dont plusieurs centaines issues de diff\u00e9rents groupuscules d\u2019ultradroite. L\u2019ultragauche lyonnaise, elle, a \u00e9galement appel\u00e9 ses sympathisants \u00e0 se mobiliser pour \u00ab\u00a0d\u00e9fendre leur quartier\u00a0\u00bb.<\/p>\n<p class=\"article-p mdl\">Un dispositif policier d\u2019ampleur est en cours d\u2019organisation si la marche est maintenue, afin d\u2019\u00e9viter tout d\u00e9bordement. De son c\u00f4t\u00e9, la pr\u00e9fecture n\u2019a pour l\u2019heure ni autoris\u00e9 ni interdit le rassemblement. Ses services indiquent continuer d\u2019\u00a0\u00bb\u00e9valuer\u00a0\u00bb les risques pour \u00ab\u00a0la s\u00e9curit\u00e9 des participants comme des habitants\u00a0\u00bb.<\/p>\n<p class=\"article-p mdl\">Dans le quartier concern\u00e9, l\u2019inqui\u00e9tude grandit. Marie, m\u00e8re de famille, confie au micro de RTL : \u00ab\u00a0Je devais partir ce week-end et je calcule \u00e0 quelle heure je vais rentrer pour \u00e9viter tout \u00e7a, \u00e7a prend des proportions\u2026 C\u2019est inqui\u00e9tant cette violence.\u00a0\u00bb Un autre habitant explique : \u00ab\u00a0Je vais rester chez moi tranquille par crainte d\u2019un d\u00e9bordement\u00a0\u00bb.<\/p>\n<p>    La r\u00e9daction vous recommande<\/p>\n<p class=\"s-newsletter__title\">\n                L\u2019actualit\u00e9 par la r\u00e9daction de RTL dans votre bo\u00eete mail.\n            <\/p>\n<p class=\"s-newsletter__subtitle\">\n                Gr\u00e2ce \u00e0 votre compte RTL abonnez-vous \u00e0 la newsletter RTL info pour suivre toute l&rsquo;actualit\u00e9 au quotidien\n            <\/p>\n<p>\n                                    Lire la suite\n                                <\/p>\n","protected":false},"excerpt":{"rendered":"Ce jeudi 19 f\u00e9vrier, les parents du\u00a0militant identitaire \u00e2g\u00e9 de 23 ans Quentin Deranque\u00a0ont lanc\u00e9 un appel \u00ab\u00a0au&hellip;\n","protected":false},"author":2,"featured_media":746326,"comment_status":"","ping_status":"","sticky":false,"template":"","format":"standard","meta":{"footnotes":"","_share_on_mastodon":"0"},"categories":[1889],"tags":[1111,11,2430,1777,674,107,1011,27,2428,19745,12,82637,25,104],"class_list":["post-746325","post","type-post","status-publish","format-standard","has-post-thumbnail","category-lyon","tag-actu","tag-actualites","tag-auvergne-rhone-alpes","tag-eu","tag-europe","tag-fil-info","tag-fr","tag-france","tag-lyon","tag-memoires","tag-news","tag-quentin-deranque","tag-republique-francaise","tag-societe"],"share_on_mastodon":{"url":"https:\/\/pubeurope.com\/@fr\/116100138629327676","error":""},"_links":{"self":[{"href":"https:\/\/www.europesays.com\/fr\/wp-json\/wp\/v2\/posts\/746325","targetHints":{"allow":["GET"]}}],"collection":[{"href":"https:\/\/www.europesays.com\/fr\/wp-json\/wp\/v2\/posts"}],"about":[{"href":"https:\/\/www.europesays.com\/fr\/wp-json\/wp\/v2\/types\/post"}],"author":[{"embeddable":true,"href":"https:\/\/www.europesays.com\/fr\/wp-json\/wp\/v2\/users\/2"}],"replies":[{"embeddable":true,"href":"https:\/\/www.europesays.com\/fr\/wp-json\/wp\/v2\/comments?post=746325"}],"version-history":[{"count":0,"href":"https:\/\/www.europesays.com\/fr\/wp-json\/wp\/v2\/posts\/746325\/revisions"}],"wp:featuredmedia":[{"embeddable":true,"href":"https:\/\/www.europesays.com\/fr\/wp-json\/wp\/v2\/media\/746326"}],"wp:attachment":[{"href":"https:\/\/www.europesays.com\/fr\/wp-json\/wp\/v2\/media?parent=746325"}],"wp:term":[{"taxonomy":"category","embeddable":true,"href":"https:\/\/www.europesays.com\/fr\/wp-json\/wp\/v2\/categories?post=746325"},{"taxonomy":"post_tag","embeddable":true,"href":"https:\/\/www.europesays.com\/fr\/wp-json\/wp\/v2\/tags?post=746325"}],"curies":[{"name":"wp","href":"https:\/\/api.w.org\/{rel}","templated":true}]}}