{"id":74649,"date":"2025-05-04T16:40:08","date_gmt":"2025-05-04T16:40:08","guid":{"rendered":"https:\/\/www.europesays.com\/fr\/74649\/"},"modified":"2025-05-04T16:40:08","modified_gmt":"2025-05-04T16:40:08","slug":"aides-au-logement-la-metropole-nice-cote-dazur-assouplit-ses-regles-afin-quun-plus-grand-nombre-de-personnes-en-difficulte-puissent-en-beneficier","status":"publish","type":"post","link":"https:\/\/www.europesays.com\/fr\/74649\/","title":{"rendered":"Aides au logement: la M\u00e9tropole Nice C\u00f4te d\u2019Azur assouplit ses r\u00e8gles \u00ab\u00a0afin qu\u2019un plus grand nombre de personnes en difficult\u00e9 puissent en b\u00e9n\u00e9ficier\u00a0\u00bb"},"content":{"rendered":"<p>L\u2019acc\u00e8s au logement est d\u00e9sormais plus souple pour les \u00ab\u00a0m\u00e9nages les plus fragiles\u00a0\u00bb. De nouveaux am\u00e9nagements ont \u00e9t\u00e9 valid\u00e9s par les \u00e9lus en conseil m\u00e9tropolitain.<\/p>\n<p>\u00ab\u00a0J\u2019ai souhait\u00e9 que soit apport\u00e9es des modifications significatives au r\u00e8glement int\u00e9rieur du fonds de solidarit\u00e9 pour le logement, afin qu\u2019un plus grand nombre de personnes en difficult\u00e9 puissent en b\u00e9n\u00e9ficier\u00a0\u00bb, d\u00e9clare Anthony Borr\u00e9, premier adjoint au maire de Nice d\u00e9l\u00e9gu\u00e9 au Logement.<\/p>\n<p>Un souhait exauc\u00e9 puisque le plafond des ressources vient d\u2019\u00eatre relev\u00e9 pour b\u00e9n\u00e9ficier d\u2019une aide.<\/p>\n<p>Autre changement: il sera d\u00e9sormais possible de saisir directement le fonds de solidarit\u00e9 \u00ab\u00a0pour faire valoir ses droits\u00a0\u00bb sans passer par un travailleur social. Il faudra cependant que l\u2019aide demand\u00e9e ne soit pas trop importante et que la dette locative ne soit pas sup\u00e9rieure \u00e0 800 euros pour pouvoir en b\u00e9n\u00e9ficier.<\/p>\n<p>\u00ab\u00a0Soutien financier et accompagnement personnalis\u00e9\u00a0\u00bb<\/p>\n<p>\u00ab\u00a0Le soutien financier et l\u2019accompagnement personnalis\u00e9 que nous proposons avec nos partenaires, permettent de pr\u00e9venir des situations dramatiques, comme les expulsions locatives par exemple ou la pr\u00e9carit\u00e9 \u00e9nerg\u00e9tique, poursuit Anthony Borr\u00e9. Dans ce nouveau r\u00e8glement, les d\u00e9marches sont simplifi\u00e9es et les aides plus cibl\u00e9es, notamment au b\u00e9n\u00e9fice des travailleurs les plus pr\u00e9caires.\u00a0\u00bb<\/p>\n<p>Pour \u00ab\u00a0plus de souplesse\u00a0\u00bb, les aides d\u2019acc\u00e8s au logement seront vers\u00e9es avant la signature du bail, dans le cadre d\u2019une exp\u00e9rimentation.<\/p>\n<p>Enfin, \u00ab\u00a0une attention accrue des partenaires d\u00e8s les premiers signes de difficult\u00e9 des m\u00e9nages\u00a0\u00bb est demand\u00e9e afin de pr\u00e9venir d\u2019\u00e9ventuelles expulsions locatives et privil\u00e9gier la pr\u00e9vention \u00e0 la r\u00e9pression.<\/p>\n<p>Parmi les aides individuelles disponibles, on trouve: \u00ab\u00a0FSL acc\u00e8s\u00a0\u00bb, pour financer le premier mois de loyer, le d\u00e9p\u00f4t de garantie ou les frais d\u2019agence; \u00ab\u00a0FSL maintien\u00a0\u00bb, pour couvrir un impay\u00e9 de loyer ou de charges et \u00ab\u00a0FSL fluides\u00a0\u00bb pour aider au paiement des factures d\u2019\u00e9nergie ou d\u2019eau. Des aides qui peuvent \u00eatre cumul\u00e9es.<\/p>\n<p>Au total, 954 m\u00e9nages ont b\u00e9n\u00e9fici\u00e9 de 1.161 aides en 2024.<\/p>\n","protected":false},"excerpt":{"rendered":"L\u2019acc\u00e8s au logement est d\u00e9sormais plus souple pour les \u00ab\u00a0m\u00e9nages les plus fragiles\u00a0\u00bb. De nouveaux am\u00e9nagements ont \u00e9t\u00e9&hellip;\n","protected":false},"author":2,"featured_media":74650,"comment_status":"","ping_status":"","sticky":false,"template":"","format":"standard","meta":{"footnotes":""},"categories":[2819],"tags":[1111,11,1777,674,1011,27,12,2401,882,25,3366],"class_list":{"0":"post-74649","1":"post","2":"type-post","3":"status-publish","4":"format-standard","5":"has-post-thumbnail","7":"category-nice","8":"tag-actu","9":"tag-actualites","10":"tag-eu","11":"tag-europe","12":"tag-fr","13":"tag-france","14":"tag-news","15":"tag-nice","16":"tag-provence-alpes-cote-dazur","17":"tag-republique-francaise","18":"tag-vie-locale"},"share_on_mastodon":{"url":"https:\/\/pubeurope.com\/@fr\/114450558067639530","error":""},"_links":{"self":[{"href":"https:\/\/www.europesays.com\/fr\/wp-json\/wp\/v2\/posts\/74649","targetHints":{"allow":["GET"]}}],"collection":[{"href":"https:\/\/www.europesays.com\/fr\/wp-json\/wp\/v2\/posts"}],"about":[{"href":"https:\/\/www.europesays.com\/fr\/wp-json\/wp\/v2\/types\/post"}],"author":[{"embeddable":true,"href":"https:\/\/www.europesays.com\/fr\/wp-json\/wp\/v2\/users\/2"}],"replies":[{"embeddable":true,"href":"https:\/\/www.europesays.com\/fr\/wp-json\/wp\/v2\/comments?post=74649"}],"version-history":[{"count":0,"href":"https:\/\/www.europesays.com\/fr\/wp-json\/wp\/v2\/posts\/74649\/revisions"}],"wp:featuredmedia":[{"embeddable":true,"href":"https:\/\/www.europesays.com\/fr\/wp-json\/wp\/v2\/media\/74650"}],"wp:attachment":[{"href":"https:\/\/www.europesays.com\/fr\/wp-json\/wp\/v2\/media?parent=74649"}],"wp:term":[{"taxonomy":"category","embeddable":true,"href":"https:\/\/www.europesays.com\/fr\/wp-json\/wp\/v2\/categories?post=74649"},{"taxonomy":"post_tag","embeddable":true,"href":"https:\/\/www.europesays.com\/fr\/wp-json\/wp\/v2\/tags?post=74649"}],"curies":[{"name":"wp","href":"https:\/\/api.w.org\/{rel}","templated":true}]}}