{"id":74714,"date":"2025-05-04T17:17:09","date_gmt":"2025-05-04T17:17:09","guid":{"rendered":"https:\/\/www.europesays.com\/fr\/74714\/"},"modified":"2025-05-04T17:17:09","modified_gmt":"2025-05-04T17:17:09","slug":"remco-evenepoel-pas-stresse-par-le-timing-actualite","status":"publish","type":"post","link":"https:\/\/www.europesays.com\/fr\/74714\/","title":{"rendered":"Remco Evenepoel : \u00ab Pas stress\u00e9 par le timing \u00bb &#8211; Actualit\u00e9"},"content":{"rendered":"<p style=\"text-align: justify;\">Il \u00e9tait la grande attraction du Tour de Romandie. Depuis mardi, tout le monde ou presque n\u2019en avait que pour Remco Evenepoel. \u201cOn avait par moments 4000 personnes connect\u00e9es sur le site internet de la course, on n\u2019avait jamais eu \u00e7a avant. C&rsquo;est en grande partie gr\u00e2ce \u00e0 sa pr\u00e9sence\u201d, appr\u00e9cie Richard Chassot qui organisait l\u2019\u00e9preuve pour la 19e fois. Sur chaque \u00e9tape, personne ne voulait en rater une miette. \u201cMoi, quand je suis au travail, on ne m\u2019attend pas comme \u00e7a\u201d, plaisantait mardi dernier un spectateur alors que le double Champion olympique allait quitter le parking des \u00e9quipes pour rejoindre la rampe de lancement du prologue du Tour de Romandie.<\/p>\n<p>Depuis, il encha\u00eenait autographes et selfies sans jamais montrer un signe de lassitude. Sur le plan sportif, il a fait peur \u00e0 ses adversaires sur les premi\u00e8res \u00e9tapes, mais il n\u2019avait pas r\u00e9ussi \u00e0 remporter la moindre \u00e9tape. Alors ce dimanche, sur le chrono final de Gen\u00e8ve, le Champion du Monde de la sp\u00e9cialit\u00e9 a mis les points sur les i, en rappelant qu\u2019il \u00e9tait quasiment injouable dans cet exercice (<strong><a href=\"https:\/\/www.directvelo.com\/actualite\/120416\/tour-de-romandie-et-5-classements\" target=\"_blank\" rel=\"noopener\">voir classement<\/a><\/strong>). \u201cBien s\u00fbr, \u00e7a rassure de gagner. Il y avait quelques questions quand m\u00eame avant ce chrono. Je n\u2019ai ressenti aucune g\u00eane \u00e0 l\u2019\u00e9paule. J\u2019ai fait un tr\u00e8s beau contre-la-montre. Entre les virages, les lignes droites et la mont\u00e9e, tout \u00e9tait bon, je pense\u201d, appr\u00e9cie-t-il en conf\u00e9rence de presse.<\/p>\n<p><strong>\u00ab JE SUIS JUSTE HONN\u00caTE \u00bb<\/strong><\/p>\n<p>Le Belge, 5e du g\u00e9n\u00e9ral final, sort \u201ccontent\u201d de ce Tour de Romandie. \u201cC\u2019\u00e9tait une bonne semaine. J\u2019avais bien commenc\u00e9 sur le prologue. J\u2019aurais d\u00fb oser plus sur l\u2019\u00e9tape o\u00f9 Jay Vine a attaqu\u00e9 dans le dernier kilom\u00e8tre. J&rsquo;\u00e9tais un peu d\u00e9\u00e7u de moi-m\u00eame car j\u2019aurais d\u00fb attaquer avant lui ou au moins essayer de le suivre\u201d. Sur l\u2019\u00e9tape de montagne, il n\u2019a pu accompagner les meilleurs et s\u2019est transform\u00e9 en \u00e9quipier de luxe pour Junior Lecerf. \u201cJe voulais lui donner un peu de moral en l\u2019aidant, et \u00e0 titre personnel c\u2019\u00e9tait pour garder un objectif de course\u201d. Et la victoire sur le contre-la-montre de Gen\u00e8ve lui permet de quitter la Romandie, avec deux heures de retard puisqu&rsquo;il a d\u00fb changer d\u2019avion, mais surtout sur une tr\u00e8s belle note.<\/p>\n<p>Remco Evenepoel, qui a repris sa saison sur une victoire \u00e0 la Fl\u00e8che Braban\u00e7onne (<strong><a href=\"https:\/\/www.directvelo.com\/actualite\/120042\/remco-evenepoel-cest-nouveau-pour-moi\" target=\"_blank\" rel=\"noopener\">lire ici<\/a><\/strong>) avant d\u2019\u00eatre en difficult\u00e9 \u00e0 Li\u00e8ge-Bastogne-Li\u00e8ge, estime \u00eatre aujourd\u2019hui dans la m\u00eame forme que l\u2019an dernier au Dauphin\u00e9. \u201cQuand on voit les dates du Tour de France, je pense que j&rsquo;ai encore beaucoup de temps. Je ne suis pas stress\u00e9 par le timing\u201d. Ni par tout ce qui l\u2019entoure, alors que la presse flamande ne manque aucun de ses faits et gestes. \u201cJe suis habitu\u00e9 \u00e0 tout \u00e7a. \u00c7a a d\u00e9but\u00e9 \u00e0 l&rsquo;\u00e9poque o\u00f9 j\u2019ai \u00e9t\u00e9 double Champion du Monde Juniors. Maintenant, j\u2019ai 25 ans donc je suis devenu un peu plus mature. J&rsquo;ai plus d&rsquo;exp\u00e9rience avec la presse. Je pense qu&rsquo;en g\u00e9n\u00e9ral, je n&rsquo;ai pas trop de probl\u00e8mes. Je suis juste honn\u00eate. A mes yeux, c&rsquo;est la bonne mani\u00e8re de faire. Aux yeux des autres, pas toujours&#8230; \u00a0Je vais toujours dire ce que je pense sans \u00eatre arrogant\u201d. Puis il a quitt\u00e9 la salle de presse situ\u00e9e \u00e0 l&rsquo;universit\u00e9 de Gen\u00e8ve. Quelques minutes plus t\u00f4t, les deux seuls fans qui l&rsquo;attendaient \u00e0 cet endroit avaient \u00e9t\u00e9\u00a0\u00e9loign\u00e9s par\u00a0un b\u00e9n\u00e9vole de l&rsquo;organisation. Avec un Romandie r\u00e9ussi et un avion d\u00e9cal\u00e9, Remco Evenepoel n&rsquo;aurait certainement pas refus\u00e9 de s&rsquo;arr\u00eater.<\/p>\n","protected":false},"excerpt":{"rendered":"Il \u00e9tait la grande attraction du Tour de Romandie. Depuis mardi, tout le monde ou presque n\u2019en avait&hellip;\n","protected":false},"author":2,"featured_media":74715,"comment_status":"","ping_status":"","sticky":false,"template":"","format":"standard","meta":{"footnotes":""},"categories":[1411],"tags":[834,828,836,829,837,827,83,826,824,823,1154,207,814,817,815,816,822,821,832,211,839,1011,27,820,818,819,835,831,830,833,838,60,212,208,825],"class_list":{"0":"post-74714","1":"post","2":"type-post","3":"status-publish","4":"format-standard","5":"has-post-thumbnail","7":"category-cyclisme","8":"tag-attaque","9":"tag-belgique","10":"tag-braquet","11":"tag-bretagne","12":"tag-chute","13":"tag-competition","14":"tag-coupe-de-france","15":"tag-coureur","16":"tag-course-cyclisme","17":"tag-course-cycliste","18":"tag-cycling","19":"tag-cyclisme","20":"tag-direct","21":"tag-direct-velo","22":"tag-directvelo","23":"tag-directvelo-com","24":"tag-epreuve","25":"tag-epreuve-cycliste","26":"tag-federation-francaise-de-cyclisme","27":"tag-ffc","28":"tag-flandres","29":"tag-fr","30":"tag-france","31":"tag-live","32":"tag-live-course","33":"tag-live-epreuve","34":"tag-peloton","35":"tag-radio-peloton","36":"tag-radio-tour","37":"tag-ravitaillement","38":"tag-relance","39":"tag-sports","40":"tag-uci","41":"tag-velo","42":"tag-velos"},"share_on_mastodon":{"url":"https:\/\/pubeurope.com\/@fr\/114450703653545176","error":""},"_links":{"self":[{"href":"https:\/\/www.europesays.com\/fr\/wp-json\/wp\/v2\/posts\/74714","targetHints":{"allow":["GET"]}}],"collection":[{"href":"https:\/\/www.europesays.com\/fr\/wp-json\/wp\/v2\/posts"}],"about":[{"href":"https:\/\/www.europesays.com\/fr\/wp-json\/wp\/v2\/types\/post"}],"author":[{"embeddable":true,"href":"https:\/\/www.europesays.com\/fr\/wp-json\/wp\/v2\/users\/2"}],"replies":[{"embeddable":true,"href":"https:\/\/www.europesays.com\/fr\/wp-json\/wp\/v2\/comments?post=74714"}],"version-history":[{"count":0,"href":"https:\/\/www.europesays.com\/fr\/wp-json\/wp\/v2\/posts\/74714\/revisions"}],"wp:featuredmedia":[{"embeddable":true,"href":"https:\/\/www.europesays.com\/fr\/wp-json\/wp\/v2\/media\/74715"}],"wp:attachment":[{"href":"https:\/\/www.europesays.com\/fr\/wp-json\/wp\/v2\/media?parent=74714"}],"wp:term":[{"taxonomy":"category","embeddable":true,"href":"https:\/\/www.europesays.com\/fr\/wp-json\/wp\/v2\/categories?post=74714"},{"taxonomy":"post_tag","embeddable":true,"href":"https:\/\/www.europesays.com\/fr\/wp-json\/wp\/v2\/tags?post=74714"}],"curies":[{"name":"wp","href":"https:\/\/api.w.org\/{rel}","templated":true}]}}