{"id":74722,"date":"2025-05-04T17:21:16","date_gmt":"2025-05-04T17:21:16","guid":{"rendered":"https:\/\/www.europesays.com\/fr\/74722\/"},"modified":"2025-05-04T17:21:16","modified_gmt":"2025-05-04T17:21:16","slug":"digne-les-bains-didier-van-cauwelaert-invite-dhonneur-du-salon-du-livre","status":"publish","type":"post","link":"https:\/\/www.europesays.com\/fr\/74722\/","title":{"rendered":"Digne-les-Bains. Didier van Cauwelaert invit\u00e9 d\u2019honneur du Salon du livre"},"content":{"rendered":"<p>Le troisi\u00e8me Salon du livre organis\u00e9 les 17 et 18\u00a0mai au palais des congr\u00e8s par la Ville de Digne accueillera comme invit\u00e9 d\u2019honneur l\u2019\u00e9crivain Didier van Cauwelaert (photo). L\u2019auteur, qui a pass\u00e9 ses vacances dans ce territoire \u00e0 l\u2019\u00e9t\u00e9 1968, cumule depuis ses d\u00e9buts de nombreux prix litt\u00e9raires\u00a0: Del Duca en 1982, Lecteurs du Livre de Poche en 1990 et surtout Prix Goncourt en 1994. Il sera entour\u00e9 d\u2019une trentaine d\u2019autres auteurs.<\/p>\n<p class=\"note\">Samedi\u00a017 et dimanche 18\u00a0mai au Palais des congr\u00e8s de 10 \u00e0 18\u00a0h\u00a030. Gratuit.<\/p>\n","protected":false},"excerpt":{"rendered":"Le troisi\u00e8me Salon du livre organis\u00e9 les 17 et 18\u00a0mai au palais des congr\u00e8s par la Ville de&hellip;\n","protected":false},"author":2,"featured_media":74723,"comment_status":"","ping_status":"","sticky":false,"template":"","format":"standard","meta":{"footnotes":""},"categories":[1357],"tags":[1379,1687,10429,58,4521,59,1011,27,1380,2410,10430],"class_list":{"0":"post-74722","1":"post","2":"type-post","3":"status-publish","4":"format-standard","5":"has-post-thumbnail","7":"category-livres","8":"tag-books","9":"tag-culture-loisirs","10":"tag-digne-les-bains","11":"tag-divertissement","12":"tag-edition-hautes-alpes-alpes-de-haute-provence","13":"tag-entertainment","14":"tag-fr","15":"tag-france","16":"tag-livres","17":"tag-livres-bd","18":"tag-ubaye-pays-de-seyne"},"share_on_mastodon":{"url":"https:\/\/pubeurope.com\/@fr\/114450719293132475","error":""},"_links":{"self":[{"href":"https:\/\/www.europesays.com\/fr\/wp-json\/wp\/v2\/posts\/74722","targetHints":{"allow":["GET"]}}],"collection":[{"href":"https:\/\/www.europesays.com\/fr\/wp-json\/wp\/v2\/posts"}],"about":[{"href":"https:\/\/www.europesays.com\/fr\/wp-json\/wp\/v2\/types\/post"}],"author":[{"embeddable":true,"href":"https:\/\/www.europesays.com\/fr\/wp-json\/wp\/v2\/users\/2"}],"replies":[{"embeddable":true,"href":"https:\/\/www.europesays.com\/fr\/wp-json\/wp\/v2\/comments?post=74722"}],"version-history":[{"count":0,"href":"https:\/\/www.europesays.com\/fr\/wp-json\/wp\/v2\/posts\/74722\/revisions"}],"wp:featuredmedia":[{"embeddable":true,"href":"https:\/\/www.europesays.com\/fr\/wp-json\/wp\/v2\/media\/74723"}],"wp:attachment":[{"href":"https:\/\/www.europesays.com\/fr\/wp-json\/wp\/v2\/media?parent=74722"}],"wp:term":[{"taxonomy":"category","embeddable":true,"href":"https:\/\/www.europesays.com\/fr\/wp-json\/wp\/v2\/categories?post=74722"},{"taxonomy":"post_tag","embeddable":true,"href":"https:\/\/www.europesays.com\/fr\/wp-json\/wp\/v2\/tags?post=74722"}],"curies":[{"name":"wp","href":"https:\/\/api.w.org\/{rel}","templated":true}]}}