{"id":74732,"date":"2025-05-04T17:27:09","date_gmt":"2025-05-04T17:27:09","guid":{"rendered":"https:\/\/www.europesays.com\/fr\/74732\/"},"modified":"2025-05-04T17:27:09","modified_gmt":"2025-05-04T17:27:09","slug":"ton-pere-cest-un-voleur-tres-en-forme-paul-de-saint-sernin-sen-prend-a-louis-sarkozy","status":"publish","type":"post","link":"https:\/\/www.europesays.com\/fr\/74732\/","title":{"rendered":"\u00ab\u00a0Ton p\u00e8re, c\u2019est un voleur\u00a0\u00bb : tr\u00e8s en forme, Paul de Saint-Sernin s\u2019en prend \u00e0 Louis Sarkozy"},"content":{"rendered":"<p>Comme chaque semaine depuis son lancement sur l\u00a0\u00bbantenne de<br \/>\nFrance 2 en 2022. L\u00e9a Salam\u00e9 pr\u00e9sentait un nouveau num\u00e9ro de<br \/>\nl&rsquo;\u00e9mission Quelle \u00e9poque ! le samedi 3 mai 2025 en deuxi\u00e8me partie<br \/>\nde soir\u00e9e. L&rsquo;animatrice a une nouvelle fois re\u00e7u plusieurs<br \/>\npersonnalit\u00e9s sur son plateau. Parmi ces derni\u00e8res, on peut<br \/>\nnotamment citer Louis Sarkozy, <strong>le fils de l&rsquo;ancien<br \/>\npr\u00e9sident de la R\u00e9publique Nicolas Sarkozy<\/strong>.<\/p>\n<p>Ce dernier \u00e9tait pr\u00e9sent face \u00e0 <a href=\"https:\/\/www.telestar.fr\/people\/cette-histoire-commence-a-me-fatiguer-thierry-ardisson-perd-son-calme-face-a-lea-salame-1720773\" rel=\"nofollow noopener\" target=\"_blank\"><br \/>\nL\u00e9a Salam\u00e9<\/a> dans le cadre de la promotion de son ouvrage baptis\u00e9<br \/>\nNapol\u00e9on Bonaparte &#8211; L&#8217;empire des livres. Paru aux<br \/>\n\u00e9ditions du Pass\u00e9s compos\u00e9s. Au cours de l&rsquo;\u00e9mission, celui qui<br \/>\nofficie en tant qu&rsquo;<strong>\u00e9ditorialiste sur l&rsquo;antenne de<br \/>\nLCI<\/strong> a \u00e9t\u00e9 cibl\u00e9 par l&rsquo;humoriste <a href=\"https:\/\/www.closermag.fr\/tv_tele_realite\/cest-important-le-consentement-face-a-nicolas-bedos-paul-de-saint-sernin-cree-un-enorme-malaise-sur-le-plateau-de-quelle-epoque-3541953\" rel=\"nofollow noopener\" target=\"_blank\"><br \/>\nPaul de Saint-Sernin<\/a>. Pour rappel, le comique est pr\u00e9sent<br \/>\nchaque semaine dans le public de l&rsquo;\u00e9mission.<\/p>\n<p>Quelle \u00e9poque ! : Paul de Saint-Sernin s&rsquo;attaque \u00e0 Nicolas<br \/>\nSarkozy en pr\u00e9sence de son fils Louis<\/p>\n<p>\u00ab\u00a0Ton p\u00e8re, c\u2019est un voleur&#8230; Voil\u00e0 c&rsquo;est tout\u00a0\u00bb, a-t-il<br \/>\nainsi lanc\u00e9 \u00e0 l&rsquo;attention de Louis Sarkozy. Pour rappel, Nicolas<br \/>\nSarkozy a r\u00e9cemment \u00e9t\u00e9 d\u00e9finitivement condamn\u00e9 \u00e0 trois ans de<br \/>\nprison. Dont un ferme sous bracelet \u00e9lectronique. Pour des faits de<br \/>\n\u00ab\u00a0corruption\u00a0\u00bb et de\u00a0 \u00ab\u00a0trafic<br \/>\nd\u2019influence\u00a0\u00bb.\u00a0\u00ab\u00a0<strong>Vous avez le droit de<br \/>\nsourire<\/strong>\u00ab\u00a0, a ensuite indiqu\u00e9 L\u00e9a Salam\u00e9 au fils de<br \/>\nl&rsquo;ancien pensionnaire de l&rsquo;\u00c9lys\u00e9e.<\/p>\n<p>\u00ab\u00a0<strong>Mais pas l&rsquo;obligation<\/strong>\u00ab\u00a0, lui a alors<br \/>\nr\u00e9torqu\u00e9 Louis Sarkozy avec un sourire un peu crisp\u00e9. Le fils de<br \/>\nNicolas Sarkozy n&rsquo;est pas le seul invit\u00e9 de L\u00e9a Salam\u00e9 a avoir \u00e9t\u00e9<br \/>\ncibl\u00e9 par Paul de Saint-Sernin cette semaine. En effet, le comique<br \/>\ns&rsquo;est \u00e9galement attaqu\u00e9 au r\u00e9alisateur Nicolas Bedos. Venu lui<br \/>\naussi dans l&rsquo;\u00e9mission pour assurer la promotion de son livre<br \/>\nintitul\u00e9 La soif de honte. Paru aux \u00e9ditions de<br \/>\nl&rsquo;Observatoire.<\/p>\n<blockquote class=\"twitter-tweet\"><p><a class=\"twitter-link\" rel=\"noindex, nofollow noopener\" href=\"https:\/\/twitter.com\/denkinte_2\/status\/1918808339279941783\" target=\"_blank\"><\/p><\/blockquote>\n<p>Nicolas Bedos a aussi \u00e9t\u00e9 pris pour<br \/>\ncible par l&rsquo;humoriste sur France 2<\/p>\n<p>Tout l&rsquo;argent r\u00e9colt\u00e9 gr\u00e2ce \u00e0 la vente de ce livre va \u00eatre<br \/>\nrevers\u00e9 \u00e0 une association de victimes. Tu ne le sais pas, je viens<br \/>\nde le d\u00e9cider\u00a0\u00bb, a ainsi l\u00e2ch\u00e9 Paul de<br \/>\nSaint-Sernin.\u00a0\u00ab\u00a0<strong>C&rsquo;est s\u00e9rieux ce qu&rsquo;on dit<br \/>\nl\u00e0<\/strong>\u00ab\u00a0, a rapidement r\u00e9pliqu\u00e9 Nicolas Bedos. \u00ab\u00a0Oui,<br \/>\nmais c&rsquo;\u00e9tait une mani\u00e8re de te montrer qu&rsquo;il est important le<br \/>\nconsentement. Tu vois, je d\u00e9cide que l&rsquo;argent est revers\u00e9 \u00e0 cette<br \/>\nassociation sans te demander ton avis\u00a0\u00bb, lui a finalement<br \/>\nr\u00e9torqu\u00e9 l&rsquo;humoriste.<\/p>\n<p>Une petite s\u00e9quence qui n&rsquo;a pas manqu\u00e9 de provoquer un certain<br \/>\nmalaise en plateau. Pour m\u00e9moire, Nicolas Bedos a \u00e9t\u00e9 condamn\u00e9 au<br \/>\nmois d&rsquo;octobre 2024 \u00e0 une peine de <a href=\"https:\/\/www.closermag.fr\/people\/nicolas-bedos-condamne-sa-version-bientot-devoilee-cest-surtout-pour-sa-petite-fille-3523712\" rel=\"nofollow noopener\" target=\"_blank\"><br \/>\nun an de prison.<\/a> Dont six mois ferme \u00e0 domicile sous bracelet<br \/>\n\u00e9lectronique. <strong>Pour agression sexuelle sur deux<br \/>\nfemmes<\/strong>.<\/p>\n<p><script async src=\"https:\/\/platform.twitter.com\/widgets.js\" charset=\"utf-8\"><\/script><\/p>\n","protected":false},"excerpt":{"rendered":"Comme chaque semaine depuis son lancement sur l\u00a0\u00bbantenne de France 2 en 2022. L\u00e9a Salam\u00e9 pr\u00e9sentait un nouveau&hellip;\n","protected":false},"author":2,"featured_media":74733,"comment_status":"","ping_status":"","sticky":false,"template":"","format":"standard","meta":{"footnotes":""},"categories":[8],"tags":[548,58,59,1011,27,17927],"class_list":{"0":"post-74732","1":"post","2":"type-post","3":"status-publish","4":"format-standard","5":"has-post-thumbnail","7":"category-divertissement","8":"tag-article-simple","9":"tag-divertissement","10":"tag-entertainment","11":"tag-fr","12":"tag-france","13":"tag-louis-sarkozy"},"share_on_mastodon":{"url":"https:\/\/pubeurope.com\/@fr\/114450742853820880","error":""},"_links":{"self":[{"href":"https:\/\/www.europesays.com\/fr\/wp-json\/wp\/v2\/posts\/74732","targetHints":{"allow":["GET"]}}],"collection":[{"href":"https:\/\/www.europesays.com\/fr\/wp-json\/wp\/v2\/posts"}],"about":[{"href":"https:\/\/www.europesays.com\/fr\/wp-json\/wp\/v2\/types\/post"}],"author":[{"embeddable":true,"href":"https:\/\/www.europesays.com\/fr\/wp-json\/wp\/v2\/users\/2"}],"replies":[{"embeddable":true,"href":"https:\/\/www.europesays.com\/fr\/wp-json\/wp\/v2\/comments?post=74732"}],"version-history":[{"count":0,"href":"https:\/\/www.europesays.com\/fr\/wp-json\/wp\/v2\/posts\/74732\/revisions"}],"wp:featuredmedia":[{"embeddable":true,"href":"https:\/\/www.europesays.com\/fr\/wp-json\/wp\/v2\/media\/74733"}],"wp:attachment":[{"href":"https:\/\/www.europesays.com\/fr\/wp-json\/wp\/v2\/media?parent=74732"}],"wp:term":[{"taxonomy":"category","embeddable":true,"href":"https:\/\/www.europesays.com\/fr\/wp-json\/wp\/v2\/categories?post=74732"},{"taxonomy":"post_tag","embeddable":true,"href":"https:\/\/www.europesays.com\/fr\/wp-json\/wp\/v2\/tags?post=74732"}],"curies":[{"name":"wp","href":"https:\/\/api.w.org\/{rel}","templated":true}]}}