{"id":74756,"date":"2025-05-04T17:44:20","date_gmt":"2025-05-04T17:44:20","guid":{"rendered":"https:\/\/www.europesays.com\/fr\/74756\/"},"modified":"2025-05-04T17:44:20","modified_gmt":"2025-05-04T17:44:20","slug":"brest-montpellier-le-resume-de-la-courte-victoire-des-brestois-assures-de-finir-dans-le-top-10-de-ligue-1","status":"publish","type":"post","link":"https:\/\/www.europesays.com\/fr\/74756\/","title":{"rendered":"Brest &#8211; Montpellier\u00a0: le r\u00e9sum\u00e9 de la courte victoire des Brestois, assur\u00e9s de finir dans le top\u00a010 de Ligue\u00a01"},"content":{"rendered":"<p>Ligue 1 (32e journ\u00e9e). Stade Brestois &#8211; Montpellier : 1-01 Une victoire dans une ambiance neutre<\/p>\n<p>Il n\u2019y a pas grand-chose \u00e0 retenir de ce Brest &#8211; Montpellier, match entre deux \u00e9quipes qui n\u2019ont plus rien \u00e0 jouer en Ligue 1. Si ce n\u2019est que les Brestois stoppent, avec ce court succ\u00e8s, la s\u00e9rie de trois matchs sans victoire (dont deux d\u00e9faites contre Lens et Marseille). Et sans encaisser de but, une premi\u00e8re depuis le 16 mars (0-0 contre Reims). Romain Del Castillo a lib\u00e9r\u00e9 les siens \u00e0 la suite d\u2019un corner (1-0, 15\u2019) <a href=\"https:\/\/www.letelegramme.fr\/sports\/football\/stade-brestois\/la-tribune-quimper-fermee-pour-les-deux-derniers-matchs-de-la-saison-apres-des-incidents-lors-de-brest-lens-6809110.php\" target=\"_blank\" rel=\"noopener\">dans une ambiance assez neutre, avec une tribune Quimper ferm\u00e9e \u00e0 cause des incidents lors de Brest-Lens<\/a>. Elle le sera encore contre Lille, samedi 10 mai (21 h). Des sifflets sont m\u00eame descendus des tribunes de Francis-Le Bl\u00e9.<\/p>\n<p>Avec la victoire de Lens \u00e0 Lyon (1-2), le Stade Brestois reste 9e de Ligue 1. Ce succ\u00e8s assure aussi le Top 10 aux Brestois, qui ont d\u00e9sormais six points d\u2019avance sur Auxerre (10e) et neuf points sur Rennes (11e).<\/p>\n<p><img decoding=\"async\" src=\"https:\/\/www.europesays.com\/fr\/wp-content\/uploads\/2025\/05\/6817a040bd6e08c89809eebe.1.jpeg\" width=\"480\" height=\"300\" class=\"web_golden_m\" loading=\"lazy\" alt=\"La tribune Quimper \u00e9tait ferm\u00e9e ce dimanche.\"\/>La tribune Quimper \u00e9tait ferm\u00e9e ce dimanche. (Photo Antoine Ripoche)2 Del Castillo retrouve une place dans le onze et marque<\/p>\n<p>L\u2019attente a \u00e9t\u00e9 longue. <a href=\"https:\/\/www.letelegramme.fr\/fiches\/foot\/stade-brestois-29\/foot\/romain-del-castillo-6759f9b525f5da69fc08bce6.php\" target=\"_blank\" rel=\"noopener\">Romain Del Castillo<\/a> a retrouv\u00e9 une place de titulaire\u2026 et le chemin des filets face \u00e0 Montpellier. Sa derni\u00e8re titularisation, comme son dernier but, remontait au 1er f\u00e9vrier (contre le PSG). Ce dimanche, il a repris un ballon dans la surface apr\u00e8s un corner pour ouvrir le score (1-0, 15\u2019), sa sixi\u00e8me r\u00e9alisation de la saison.<\/p>\n<p>3 Pas de Bradley Locko sur la pelouse<\/p>\n<p><a href=\"https:\/\/www.letelegramme.fr\/sports\/football\/stade-brestois\/brest-montpellier-bradley-locko-de-retour-dans-le-groupe-brestois-un-an-apres-sa-derniere-apparition-6810785.php\" target=\"_blank\" rel=\"noopener\">De retour dans le groupe pour la premi\u00e8re fois depuis sa rupture du tendon d\u2019Achille<\/a> \u00e0 l\u2019entra\u00eenement le 16 ao\u00fbt 2024, le lat\u00e9ral gauche <a href=\"https:\/\/www.letelegramme.fr\/fiches\/foot\/stade-brestois-29\/foot\/bradley-locko-6759d51b2e8b38d1b10cb9b6.php\" target=\"_blank\" rel=\"noopener\">Bradley Locko<\/a> n\u2019est pas entr\u00e9 en jeu, ce dimanche. Il est bien all\u00e9 s\u2019\u00e9chauffer mais Eric Roy a fait le choix de ne pas le lancer.<\/p>\n<p class=\"titre-tech\">Fiche technique<\/p>\n<p class=\"tech\"><strong class=\"tech\">Arbitre <\/strong>: M. Lissorgue.<\/p>\n<p class=\"tech\"><strong class=\"tech\">Spectateurs <\/strong>: 13 121.<\/p>\n<p class=\"tech\"><strong class=\"tech\">BUT<\/strong>. Brest : Del Castillo (15\u2019).<\/p>\n<p class=\"tech\"><strong class=\"tech\">Avertissements<\/strong>. Brest : Lees-Melou (73\u2019). Montpellier : Inzigoula (13\u2019), Fayad (88\u2019).<\/p>\n<p class=\"tech\"><strong class=\"tech\">BREST <\/strong>: Bizot &#8211; Lala, Chardonnet (cap.), A. Ndiaye, Ha\u00efdara &#8211; Camara (Martin, 87\u2019), Lees-Melou &#8211; Del Castillo (Sima, 68\u2019), Doumbia (Magnetti, 68\u2019), Pereira Lage &#8211; Ajorque (Bald\u00e9, 81\u2019). <\/p>\n<p class=\"tech\">Entra\u00eeneur : Eric Roy.<\/p>\n<p class=\"tech\">Non entr\u00e9s en jeu : Coudert (g), Locko, Zogb\u00e9, Fernandes, Faivre.<\/p>\n<p class=\"tech\"><strong class=\"tech\">MONTPELLIER <\/strong>: Lecomte &#8211; Tchato (Ndollo, 46\u2019), Mouanga (Me\u00eft\u00e9, 75\u2019), Omeragic, Mincarelli, Sainte-Luce &#8211; Coulibaly (Khazri, 66\u2019), Nzingoula, Ferri (Chotard, 56\u2019), Fayad &#8211; J. Ndiaye (Savanier, 66\u2019). Entra\u00eeneur : Zoumana Camara.<\/p>\n<p class=\"tech\">Non entr\u00e9s en jeu : Bertaud (g), Kiki, Sacko, Chennahi.<\/p>\n","protected":false},"excerpt":{"rendered":"Ligue 1 (32e journ\u00e9e). Stade Brestois &#8211; Montpellier : 1-01 Une victoire dans une ambiance neutre Il n\u2019y&hellip;\n","protected":false},"author":2,"featured_media":74757,"comment_status":"","ping_status":"","sticky":false,"template":"","format":"standard","meta":{"footnotes":""},"categories":[9599],"tags":[1111,11,3450,3166,1777,674,63,1011,27,66,2208,12,2680,25,60,4449],"class_list":{"0":"post-74756","1":"post","2":"type-post","3":"status-publish","4":"format-standard","5":"has-post-thumbnail","7":"category-montpellier","8":"tag-actu","9":"tag-actualites","10":"tag-brest","11":"tag-en-continu-sports","12":"tag-eu","13":"tag-europe","14":"tag-football","15":"tag-fr","16":"tag-france","17":"tag-ligue-1","18":"tag-montpellier","19":"tag-news","20":"tag-occitanie","21":"tag-republique-francaise","22":"tag-sports","23":"tag-stade-brestois"},"share_on_mastodon":{"url":"https:\/\/pubeurope.com\/@fr\/114450809709217047","error":""},"_links":{"self":[{"href":"https:\/\/www.europesays.com\/fr\/wp-json\/wp\/v2\/posts\/74756","targetHints":{"allow":["GET"]}}],"collection":[{"href":"https:\/\/www.europesays.com\/fr\/wp-json\/wp\/v2\/posts"}],"about":[{"href":"https:\/\/www.europesays.com\/fr\/wp-json\/wp\/v2\/types\/post"}],"author":[{"embeddable":true,"href":"https:\/\/www.europesays.com\/fr\/wp-json\/wp\/v2\/users\/2"}],"replies":[{"embeddable":true,"href":"https:\/\/www.europesays.com\/fr\/wp-json\/wp\/v2\/comments?post=74756"}],"version-history":[{"count":0,"href":"https:\/\/www.europesays.com\/fr\/wp-json\/wp\/v2\/posts\/74756\/revisions"}],"wp:featuredmedia":[{"embeddable":true,"href":"https:\/\/www.europesays.com\/fr\/wp-json\/wp\/v2\/media\/74757"}],"wp:attachment":[{"href":"https:\/\/www.europesays.com\/fr\/wp-json\/wp\/v2\/media?parent=74756"}],"wp:term":[{"taxonomy":"category","embeddable":true,"href":"https:\/\/www.europesays.com\/fr\/wp-json\/wp\/v2\/categories?post=74756"},{"taxonomy":"post_tag","embeddable":true,"href":"https:\/\/www.europesays.com\/fr\/wp-json\/wp\/v2\/tags?post=74756"}],"curies":[{"name":"wp","href":"https:\/\/api.w.org\/{rel}","templated":true}]}}