{"id":74762,"date":"2025-05-04T17:47:22","date_gmt":"2025-05-04T17:47:22","guid":{"rendered":"https:\/\/www.europesays.com\/fr\/74762\/"},"modified":"2025-05-04T17:47:22","modified_gmt":"2025-05-04T17:47:22","slug":"fontaine-la-braderie-solidaire-du-secours-populaire-aura-lieu-jeudi-8-mai","status":"publish","type":"post","link":"https:\/\/www.europesays.com\/fr\/74762\/","title":{"rendered":"Fontaine. La braderie solidaire du Secours populaire aura lieu jeudi 8\u00a0mai"},"content":{"rendered":"<p>Le comit\u00e9 local du Secours populaire organise sa braderie solidaire le jeudi 8\u00a0mai de 9\u00a0h \u00e0 17\u00a0h devant ses locaux, sur le parking de la Chapoti\u00e8re (13 rue d\u2019Alpignano) \u00e0 Fontaine. Vaisselle, v\u00eatements, livres, t-shirts, sweats, sous-v\u00eatements seront propos\u00e9s mais aussi de nombreux v\u00eatements et articles neufs. Tout en choisissant l\u2019article que vous souhaitez, vous ferez acte de solidarit\u00e9.<\/p>\n","protected":false},"excerpt":{"rendered":"Le comit\u00e9 local du Secours populaire organise sa braderie solidaire le jeudi 8\u00a0mai de 9\u00a0h \u00e0 17\u00a0h devant&hellip;\n","protected":false},"author":2,"featured_media":74763,"comment_status":"","ping_status":"","sticky":false,"template":"","format":"standard","meta":{"footnotes":""},"categories":[9566],"tags":[1111,11,2430,5738,11679,1687,112,1777,674,9592,11680,1011,27,2731,12,25,3365],"class_list":{"0":"post-74762","1":"post","2":"type-post","3":"status-publish","4":"format-standard","5":"has-post-thumbnail","7":"category-grenoble","8":"tag-actu","9":"tag-actualites","10":"tag-auvergne-rhone-alpes","11":"tag-bourses","12":"tag-brocantes","13":"tag-culture-loisirs","14":"tag-edition-grenoble-agglomeration","15":"tag-eu","16":"tag-europe","17":"tag-fontaine","18":"tag-fontaine-bassin","19":"tag-fr","20":"tag-france","21":"tag-grenoble","22":"tag-news","23":"tag-republique-francaise","24":"tag-vide-greniers"},"share_on_mastodon":{"url":"https:\/\/pubeurope.com\/@fr\/114450821633844878","error":""},"_links":{"self":[{"href":"https:\/\/www.europesays.com\/fr\/wp-json\/wp\/v2\/posts\/74762","targetHints":{"allow":["GET"]}}],"collection":[{"href":"https:\/\/www.europesays.com\/fr\/wp-json\/wp\/v2\/posts"}],"about":[{"href":"https:\/\/www.europesays.com\/fr\/wp-json\/wp\/v2\/types\/post"}],"author":[{"embeddable":true,"href":"https:\/\/www.europesays.com\/fr\/wp-json\/wp\/v2\/users\/2"}],"replies":[{"embeddable":true,"href":"https:\/\/www.europesays.com\/fr\/wp-json\/wp\/v2\/comments?post=74762"}],"version-history":[{"count":0,"href":"https:\/\/www.europesays.com\/fr\/wp-json\/wp\/v2\/posts\/74762\/revisions"}],"wp:featuredmedia":[{"embeddable":true,"href":"https:\/\/www.europesays.com\/fr\/wp-json\/wp\/v2\/media\/74763"}],"wp:attachment":[{"href":"https:\/\/www.europesays.com\/fr\/wp-json\/wp\/v2\/media?parent=74762"}],"wp:term":[{"taxonomy":"category","embeddable":true,"href":"https:\/\/www.europesays.com\/fr\/wp-json\/wp\/v2\/categories?post=74762"},{"taxonomy":"post_tag","embeddable":true,"href":"https:\/\/www.europesays.com\/fr\/wp-json\/wp\/v2\/tags?post=74762"}],"curies":[{"name":"wp","href":"https:\/\/api.w.org\/{rel}","templated":true}]}}